
{"id":10069,"date":"2008-12-08T10:06:44","date_gmt":"2008-12-08T09:06:44","guid":{"rendered":"http:\/\/adamczewscy.pl\/?p=2236"},"modified":"2008-12-08T10:06:44","modified_gmt":"2008-12-08T09:06:44","slug":"bukiet-czyli-mieso-z-warzywami","status":"publish","type":"post","link":"https:\/\/blog.polityka.pl\/adamczewski\/2008\/12\/08\/bukiet-czyli-mieso-z-warzywami\/","title":{"rendered":"Bukiet czyli mi\u0119so z warzywami"},"content":{"rendered":"<p><em>60 dag mi\u0119sa mielonego wieprzowo &#8211; wo\u0142owego, cebula, 4 \u0142y\u017cki oleju, szklanka roso\u0142u wo\u0142owego z kostki, jedno opakowanie warzyw mro\u017conych na zup\u0119, s\u00f3l, pieprz, odrobina Kajenny lub chili.<\/em><\/p>\n<p>1. Rozgrza\u0107 na g\u0142\u0119bokiej patelni olej, poddusi cna nim pokrojona jak najdrobniej cebul\u0119, doda\u0107 mi\u0119so i razem sma\u017cy\u0107, a\u017c ca\u0142e mi\u0119so si\u0119 obsma\u017cy.<br \/>\n2. Dola\u0107 ros\u00f3\u0142 wo\u0142owy, wsypa\u0107 zamro\u017cone warzywa, sma\u017cy\u0107 oko\u0142o 15 minut, pod koniec doprawi\u0107 sol\u0105, pieprzem i kajenn\u0105 lub chili.<br \/>\nPodawa\u0107 z ziemniakami puree lub ugotowanym na sypko ry\u017cem.<\/p>\n","protected":false},"excerpt":{"rendered":"<p>60 dag mi\u0119sa mielonego wieprzowo &#8211; wo\u0142owego, cebula, 4 \u0142y\u017cki oleju, szklanka roso\u0142u wo\u0142owego z kostki, jedno opakowanie warzyw mro\u017conych na zup\u0119, s\u00f3l, pieprz, odrobina Kajenny lub chili. 1. Rozgrza\u0107 na g\u0142\u0119bokiej patelni olej, poddusi cna nim pokrojona jak najdrobniej cebul\u0119, doda\u0107 mi\u0119so i razem sma\u017cy\u0107, a\u017c ca\u0142e mi\u0119so si\u0119 obsma\u017cy. 2. Dola\u0107 ros\u00f3\u0142 wo\u0142owy, [&hellip;]<\/p>\n","protected":false},"author":2,"featured_media":0,"comment_status":"open","ping_status":"open","sticky":false,"template":"","format":"standard","meta":{"footnotes":""},"categories":[1],"tags":[],"_links":{"self":[{"href":"https:\/\/blog.polityka.pl\/adamczewski\/wp-json\/wp\/v2\/posts\/10069"}],"collection":[{"href":"https:\/\/blog.polityka.pl\/adamczewski\/wp-json\/wp\/v2\/posts"}],"about":[{"href":"https:\/\/blog.polityka.pl\/adamczewski\/wp-json\/wp\/v2\/types\/post"}],"author":[{"embeddable":true,"href":"https:\/\/blog.polityka.pl\/adamczewski\/wp-json\/wp\/v2\/users\/2"}],"replies":[{"embeddable":true,"href":"https:\/\/blog.polityka.pl\/adamczewski\/wp-json\/wp\/v2\/comments?post=10069"}],"version-history":[{"count":0,"href":"https:\/\/blog.polityka.pl\/adamczewski\/wp-json\/wp\/v2\/posts\/10069\/revisions"}],"wp:attachment":[{"href":"https:\/\/blog.polityka.pl\/adamczewski\/wp-json\/wp\/v2\/media?parent=10069"}],"wp:term":[{"taxonomy":"category","embeddable":true,"href":"https:\/\/blog.polityka.pl\/adamczewski\/wp-json\/wp\/v2\/categories?post=10069"},{"taxonomy":"post_tag","embeddable":true,"href":"https:\/\/blog.polityka.pl\/adamczewski\/wp-json\/wp\/v2\/tags?post=10069"}],"curies":[{"name":"wp","href":"https:\/\/api.w.org\/{rel}","templated":true}]}}