
{"id":10070,"date":"2008-12-08T10:07:38","date_gmt":"2008-12-08T09:07:38","guid":{"rendered":"http:\/\/adamczewscy.pl\/?p=2237"},"modified":"2008-12-08T10:07:38","modified_gmt":"2008-12-08T09:07:38","slug":"pyszne-i-proste-ciasto-cukiniowe","status":"publish","type":"post","link":"https:\/\/blog.polityka.pl\/adamczewski\/2008\/12\/08\/pyszne-i-proste-ciasto-cukiniowe\/","title":{"rendered":"Pyszne i proste ciasto cukiniowe"},"content":{"rendered":"<p><em>2 i p\u00f3\u0142 szklanki startej na tarce jarzynowej cukinii,2 szklanki m\u0105ki, szklanka cukru, p\u00f3\u0142 szklanki oleju lub oliwy z oliwek, \u0142y\u017ceczka cynamonu, cukier waniliowy, \u0142y\u017ceczka proszku do pieczenia, gar\u015b\u0107 rodzynek.<br \/>\nDo wysmarowania tortownicy (ok.28-30 cm \u015brednicy): \u0142y\u017cka mas\u0142a. Do jej wysypania: 2 \u0142y\u017cki tartej bu\u0142ki.<\/em><\/p>\n<p>1. Wymiesza\u0107 wszystkie sk\u0142adniki, prze\u0142o\u017cy\u0107 do wysmarowanej tortownicy i piec oko\u0142o 50minut w temperaturze 180 st C.<\/p>\n","protected":false},"excerpt":{"rendered":"<p>2 i p\u00f3\u0142 szklanki startej na tarce jarzynowej cukinii,2 szklanki m\u0105ki, szklanka cukru, p\u00f3\u0142 szklanki oleju lub oliwy z oliwek, \u0142y\u017ceczka cynamonu, cukier waniliowy, \u0142y\u017ceczka proszku do pieczenia, gar\u015b\u0107 rodzynek. Do wysmarowania tortownicy (ok.28-30 cm \u015brednicy): \u0142y\u017cka mas\u0142a. Do jej wysypania: 2 \u0142y\u017cki tartej bu\u0142ki. 1. Wymiesza\u0107 wszystkie sk\u0142adniki, prze\u0142o\u017cy\u0107 do wysmarowanej tortownicy i piec [&hellip;]<\/p>\n","protected":false},"author":2,"featured_media":0,"comment_status":"open","ping_status":"open","sticky":false,"template":"","format":"standard","meta":{"footnotes":""},"categories":[1],"tags":[],"_links":{"self":[{"href":"https:\/\/blog.polityka.pl\/adamczewski\/wp-json\/wp\/v2\/posts\/10070"}],"collection":[{"href":"https:\/\/blog.polityka.pl\/adamczewski\/wp-json\/wp\/v2\/posts"}],"about":[{"href":"https:\/\/blog.polityka.pl\/adamczewski\/wp-json\/wp\/v2\/types\/post"}],"author":[{"embeddable":true,"href":"https:\/\/blog.polityka.pl\/adamczewski\/wp-json\/wp\/v2\/users\/2"}],"replies":[{"embeddable":true,"href":"https:\/\/blog.polityka.pl\/adamczewski\/wp-json\/wp\/v2\/comments?post=10070"}],"version-history":[{"count":0,"href":"https:\/\/blog.polityka.pl\/adamczewski\/wp-json\/wp\/v2\/posts\/10070\/revisions"}],"wp:attachment":[{"href":"https:\/\/blog.polityka.pl\/adamczewski\/wp-json\/wp\/v2\/media?parent=10070"}],"wp:term":[{"taxonomy":"category","embeddable":true,"href":"https:\/\/blog.polityka.pl\/adamczewski\/wp-json\/wp\/v2\/categories?post=10070"},{"taxonomy":"post_tag","embeddable":true,"href":"https:\/\/blog.polityka.pl\/adamczewski\/wp-json\/wp\/v2\/tags?post=10070"}],"curies":[{"name":"wp","href":"https:\/\/api.w.org\/{rel}","templated":true}]}}