
{"id":10072,"date":"2008-12-15T06:46:51","date_gmt":"2008-12-15T05:46:51","guid":{"rendered":"http:\/\/adamczewscy.pl\/?p=2242"},"modified":"2008-12-15T06:46:51","modified_gmt":"2008-12-15T05:46:51","slug":"panna-cotta","status":"publish","type":"post","link":"https:\/\/blog.polityka.pl\/adamczewski\/2008\/12\/15\/panna-cotta\/","title":{"rendered":"Panna cotta"},"content":{"rendered":"<p><em>3 \u0142y\u017ceczki \u017celatyny, p\u00f3\u0142 l t\u0142ustego mleka, p\u00f3\u0142 l \u015bmietanki krem\u00f3wki, 15 dag cukru pudru, 1 laska wanilii, 5 \u0142y\u017cek rumu, 2 \u0142y\u017cki s\u0142odkiego bia\u0142ego wina; do przybrania: truskawki, maliny, kiwi<\/em><\/p>\n<p>1. Namoczy\u0107 \u017celatyn\u0119 w kilku \u0142y\u017ckach zimnej wody. Po nap\u0119cznieniu rozpu\u015bci\u0107 w ciep\u0142ym mleku.<br \/>\n2. W drugim rondelku podgrza\u0107 \u015bmietank\u0119 z cukrem pudrem i wanili\u0105. Po zagrzaniu wyj\u0105\u0107 wanili\u0119 i wla\u0107 \u015bmietank\u0119 do rozpuszczonej \u017celatyny.<br \/>\n3. Dola\u0107 rum i wino. Przela\u0107 do ma\u0142ych foremek, wstawi\u0107 do lod\u00f3wki i czeka\u0107 (co najmniej 3 godziny) a\u017c st\u0119\u017ceje.<br \/>\n4. Po wyj\u0119ciu z lod\u00f3wki zanurzy\u0107 foremki na sekund\u0119 w gor\u0105cej wodzie, by panna cotta \u0142atwo da\u0142a si\u0119 wy\u0142o\u017cy\u0107 na talerzyki.<br \/>\n5. Udekorowa\u0107 ka\u017cd\u0105 porcj\u0119 owocami.<\/p>\n","protected":false},"excerpt":{"rendered":"<p>3 \u0142y\u017ceczki \u017celatyny, p\u00f3\u0142 l t\u0142ustego mleka, p\u00f3\u0142 l \u015bmietanki krem\u00f3wki, 15 dag cukru pudru, 1 laska wanilii, 5 \u0142y\u017cek rumu, 2 \u0142y\u017cki s\u0142odkiego bia\u0142ego wina; do przybrania: truskawki, maliny, kiwi 1. Namoczy\u0107 \u017celatyn\u0119 w kilku \u0142y\u017ckach zimnej wody. Po nap\u0119cznieniu rozpu\u015bci\u0107 w ciep\u0142ym mleku. 2. W drugim rondelku podgrza\u0107 \u015bmietank\u0119 z cukrem pudrem i [&hellip;]<\/p>\n","protected":false},"author":2,"featured_media":0,"comment_status":"open","ping_status":"open","sticky":false,"template":"","format":"standard","meta":{"footnotes":""},"categories":[1],"tags":[],"_links":{"self":[{"href":"https:\/\/blog.polityka.pl\/adamczewski\/wp-json\/wp\/v2\/posts\/10072"}],"collection":[{"href":"https:\/\/blog.polityka.pl\/adamczewski\/wp-json\/wp\/v2\/posts"}],"about":[{"href":"https:\/\/blog.polityka.pl\/adamczewski\/wp-json\/wp\/v2\/types\/post"}],"author":[{"embeddable":true,"href":"https:\/\/blog.polityka.pl\/adamczewski\/wp-json\/wp\/v2\/users\/2"}],"replies":[{"embeddable":true,"href":"https:\/\/blog.polityka.pl\/adamczewski\/wp-json\/wp\/v2\/comments?post=10072"}],"version-history":[{"count":0,"href":"https:\/\/blog.polityka.pl\/adamczewski\/wp-json\/wp\/v2\/posts\/10072\/revisions"}],"wp:attachment":[{"href":"https:\/\/blog.polityka.pl\/adamczewski\/wp-json\/wp\/v2\/media?parent=10072"}],"wp:term":[{"taxonomy":"category","embeddable":true,"href":"https:\/\/blog.polityka.pl\/adamczewski\/wp-json\/wp\/v2\/categories?post=10072"},{"taxonomy":"post_tag","embeddable":true,"href":"https:\/\/blog.polityka.pl\/adamczewski\/wp-json\/wp\/v2\/tags?post=10072"}],"curies":[{"name":"wp","href":"https:\/\/api.w.org\/{rel}","templated":true}]}}