
{"id":10073,"date":"2008-12-15T06:47:25","date_gmt":"2008-12-15T05:47:25","guid":{"rendered":"http:\/\/adamczewscy.pl\/?p=2243"},"modified":"2008-12-15T06:47:25","modified_gmt":"2008-12-15T05:47:25","slug":"krem-z-serka-mascarpone","status":"publish","type":"post","link":"https:\/\/blog.polityka.pl\/adamczewski\/2008\/12\/15\/krem-z-serka-mascarpone\/","title":{"rendered":"Krem z serka mascarpone"},"content":{"rendered":"<p><em>\u0141y\u017cka sch\u0142odzonej \u015bmietany kremowej (30-proc), opakowanie (250 g) serka mascarpone, 2 \u0142y\u017cki cukru pudru, 8 po\u0142\u00f3wek moreli z syropu, sok z cytryny, 4 po\u0142\u00f3wki brzoskwi\u0144 z syropu, p\u00f3\u0142 szklanki migda\u0142\u00f3w ?s\u0142upk\u00f3w?, \u0142y\u017cka mas\u0142a, 2 \u0142y\u017cki cukru.<\/em><\/p>\n<p>1. Rozpu\u015bci\u0107 mas\u0142o, zrumieni\u0107 na nim migda\u0142y, po czym wsypa\u0107 cukier i sma\u017cy\u0107, a\u017c cukier si\u0119 skarmelizuje. Ostudzi\u0107.<br \/>\n2. Zmiksowa\u0107 po\u0142\u00f3wki moreli, dodaj\u0105c 3- 4 \u0142y\u017cki syropu od moreli.<br \/>\n3. Ubi\u0107 trzepaczka do piany \u015bmietan\u0119, doda\u0107 do mascarpone, zmiksowa\u0107 (ko\u0144c\u00f3wk\u0105 ubijaj\u0105c\u0105), dodaj\u0105c do smaku cukier i sok z cytryny.<br \/>\n4. W pucharkach uk\u0142ada\u0107 po trochu zmiksowanych moreli, na nich krem, nast\u0119pnie po\u0142\u00f3wki brzoskwi\u0144 i podsma\u017cone migda\u0142y.<\/p>\n","protected":false},"excerpt":{"rendered":"<p>\u0141y\u017cka sch\u0142odzonej \u015bmietany kremowej (30-proc), opakowanie (250 g) serka mascarpone, 2 \u0142y\u017cki cukru pudru, 8 po\u0142\u00f3wek moreli z syropu, sok z cytryny, 4 po\u0142\u00f3wki brzoskwi\u0144 z syropu, p\u00f3\u0142 szklanki migda\u0142\u00f3w ?s\u0142upk\u00f3w?, \u0142y\u017cka mas\u0142a, 2 \u0142y\u017cki cukru. 1. Rozpu\u015bci\u0107 mas\u0142o, zrumieni\u0107 na nim migda\u0142y, po czym wsypa\u0107 cukier i sma\u017cy\u0107, a\u017c cukier si\u0119 skarmelizuje. Ostudzi\u0107. 2. [&hellip;]<\/p>\n","protected":false},"author":2,"featured_media":0,"comment_status":"open","ping_status":"open","sticky":false,"template":"","format":"standard","meta":{"footnotes":""},"categories":[1],"tags":[],"_links":{"self":[{"href":"https:\/\/blog.polityka.pl\/adamczewski\/wp-json\/wp\/v2\/posts\/10073"}],"collection":[{"href":"https:\/\/blog.polityka.pl\/adamczewski\/wp-json\/wp\/v2\/posts"}],"about":[{"href":"https:\/\/blog.polityka.pl\/adamczewski\/wp-json\/wp\/v2\/types\/post"}],"author":[{"embeddable":true,"href":"https:\/\/blog.polityka.pl\/adamczewski\/wp-json\/wp\/v2\/users\/2"}],"replies":[{"embeddable":true,"href":"https:\/\/blog.polityka.pl\/adamczewski\/wp-json\/wp\/v2\/comments?post=10073"}],"version-history":[{"count":0,"href":"https:\/\/blog.polityka.pl\/adamczewski\/wp-json\/wp\/v2\/posts\/10073\/revisions"}],"wp:attachment":[{"href":"https:\/\/blog.polityka.pl\/adamczewski\/wp-json\/wp\/v2\/media?parent=10073"}],"wp:term":[{"taxonomy":"category","embeddable":true,"href":"https:\/\/blog.polityka.pl\/adamczewski\/wp-json\/wp\/v2\/categories?post=10073"},{"taxonomy":"post_tag","embeddable":true,"href":"https:\/\/blog.polityka.pl\/adamczewski\/wp-json\/wp\/v2\/tags?post=10073"}],"curies":[{"name":"wp","href":"https:\/\/api.w.org\/{rel}","templated":true}]}}