
{"id":10074,"date":"2008-12-15T06:48:07","date_gmt":"2008-12-15T05:48:07","guid":{"rendered":"http:\/\/adamczewscy.pl\/?p=2244"},"modified":"2008-12-15T06:48:07","modified_gmt":"2008-12-15T05:48:07","slug":"grzybek-biszkoptowy-z-jablkami","status":"publish","type":"post","link":"https:\/\/blog.polityka.pl\/adamczewski\/2008\/12\/15\/grzybek-biszkoptowy-z-jablkami\/","title":{"rendered":"Grzybek biszkoptowy z jab\u0142kami"},"content":{"rendered":"<p><em>4 jaja, 4 \u0142y\u017cki cukru, 4 \u0142y\u017cki m\u0105ki, 2 winne jab\u0142ka,  \u0142y\u017cka mas\u0142a. Do posypania: 2 \u0142y\u017cki cukru pudru.\u00a0<\/em><em><br \/>\n<\/em><em>Do wysmarowania formy: \u0142y\u017cka mas\u0142a.\u00a0<\/em><\/p>\n<p>1. Jab\u0142ka obra\u0107, pokroi\u0107 w plasterki, podsma\u017cy\u0107 na ma\u015ble.<br \/>\n2. Odzieli\u0107 bia\u0142ka od \u017c\u00f3\u0142tek, ubi\u0107 z bia\u0142ek sztywn\u0105 pian\u0119, pod koniec dodaj\u0105c cukier.<br \/>\n3. Do sztywnej piany doda\u0107 m\u0105k\u0119 i \u017c\u00f3\u0142tka, dok\u0142adnie lecz starannie wymiesza\u0107.<br \/>\n4. W posmarowanej mas\u0142em foremce u\u0142o\u017cy\u0107 podsma\u017cone jab\u0142ka, wyla\u0107 na nie ciasto biszkoptowe.<br \/>\n5. Piec w piekarniku (temp. 180 st C0 a\u017c wierzch si\u0119 zrumieni a brzegi zbr\u0105zowiej\u0105. Wyj\u0119ty z piekarnika grzybek ostudzi\u0107, posypa\u0107 obficie cukrem pudrem.<\/p>\n","protected":false},"excerpt":{"rendered":"<p>4 jaja, 4 \u0142y\u017cki cukru, 4 \u0142y\u017cki m\u0105ki, 2 winne jab\u0142ka, \u0142y\u017cka mas\u0142a. Do posypania: 2 \u0142y\u017cki cukru pudru.\u00a0 Do wysmarowania formy: \u0142y\u017cka mas\u0142a.\u00a0 1. Jab\u0142ka obra\u0107, pokroi\u0107 w plasterki, podsma\u017cy\u0107 na ma\u015ble. 2. Odzieli\u0107 bia\u0142ka od \u017c\u00f3\u0142tek, ubi\u0107 z bia\u0142ek sztywn\u0105 pian\u0119, pod koniec dodaj\u0105c cukier. 3. Do sztywnej piany doda\u0107 m\u0105k\u0119 i \u017c\u00f3\u0142tka, [&hellip;]<\/p>\n","protected":false},"author":2,"featured_media":0,"comment_status":"open","ping_status":"open","sticky":false,"template":"","format":"standard","meta":{"footnotes":""},"categories":[1],"tags":[],"_links":{"self":[{"href":"https:\/\/blog.polityka.pl\/adamczewski\/wp-json\/wp\/v2\/posts\/10074"}],"collection":[{"href":"https:\/\/blog.polityka.pl\/adamczewski\/wp-json\/wp\/v2\/posts"}],"about":[{"href":"https:\/\/blog.polityka.pl\/adamczewski\/wp-json\/wp\/v2\/types\/post"}],"author":[{"embeddable":true,"href":"https:\/\/blog.polityka.pl\/adamczewski\/wp-json\/wp\/v2\/users\/2"}],"replies":[{"embeddable":true,"href":"https:\/\/blog.polityka.pl\/adamczewski\/wp-json\/wp\/v2\/comments?post=10074"}],"version-history":[{"count":0,"href":"https:\/\/blog.polityka.pl\/adamczewski\/wp-json\/wp\/v2\/posts\/10074\/revisions"}],"wp:attachment":[{"href":"https:\/\/blog.polityka.pl\/adamczewski\/wp-json\/wp\/v2\/media?parent=10074"}],"wp:term":[{"taxonomy":"category","embeddable":true,"href":"https:\/\/blog.polityka.pl\/adamczewski\/wp-json\/wp\/v2\/categories?post=10074"},{"taxonomy":"post_tag","embeddable":true,"href":"https:\/\/blog.polityka.pl\/adamczewski\/wp-json\/wp\/v2\/tags?post=10074"}],"curies":[{"name":"wp","href":"https:\/\/api.w.org\/{rel}","templated":true}]}}