
{"id":10076,"date":"2008-12-15T06:49:40","date_gmt":"2008-12-15T05:49:40","guid":{"rendered":"http:\/\/adamczewscy.pl\/?p=2246"},"modified":"2008-12-15T06:49:40","modified_gmt":"2008-12-15T05:49:40","slug":"babeczki-z-kremem-i-mandarynkami","status":"publish","type":"post","link":"https:\/\/blog.polityka.pl\/adamczewski\/2008\/12\/15\/babeczki-z-kremem-i-mandarynkami\/","title":{"rendered":"Babeczki z kremem i mandarynkami"},"content":{"rendered":"<p><em>Na ciasto: szklanka m\u0105ki, 2 \u0142y\u017cki cukru pudru, szczypta soli, 2 \u017c\u00f3\u0142tka, 4 \u0142y\u017cki mas\u0142a, 3 \u0142y\u017cki zimnej wody.<br \/>\nNa krem: szklanka mleka, sk\u00f3rka starta z pomara\u0144czy, p\u00f3\u0142 laski wanilii, 2 \u017c\u00f3\u0142tka, \u0107wier\u0107 szklanki cukru, 3 \u0142y\u017cki m\u0105ki.<br \/>\nDo wysmarowania 10 ma\u0142ych blaszanych babeczek: \u0142y\u017cka m\u0105ki<br \/>\nDo przybrania: 3 mandarynki.\u00a0<\/em><\/p>\n<p>1. Wysypa\u0107 na stolnice po\u0142ow\u0119 m\u0105ki, doda\u0107 posiekane mas\u0142o, s\u00f3l i \u017c\u00f3\u0142tka oraz cukier, podsypuj\u0105c pozosta\u0142\u0105 m\u0105k\u0119 zagnie\u015b\u0107 elastyczne, l\u015bni\u0105ce ciasto.<br \/>\n2. Babeczki wysmarowa\u0107 dok\u0142adnie mas\u0142em. Rozwa\u0142kowa\u0107 ciasto, wy\u0142o\u017cy\u0107 nim foremki.<br \/>\n3. Upiec babeczki na z\u0142ocisto w temperaturze 180 st C.<br \/>\n4. Utrze\u0107 \u017c\u00f3\u0142tka z cukrem, wymiesza\u0107 z m\u0105k\u0105 na g\u0142adk\u0105 mas\u0119.<br \/>\n5. Zagotowa\u0107 mleko ze sk\u00f3rk\u0105 pomara\u0144czow\u0105 i wanili\u0105, po czym usun\u0105\u0107 je.<br \/>\n6. Wrz\u0105ce mleko wymiesza\u0107 z utartymi \u017c\u00f3\u0142tkami z m\u0105k\u0105, nast\u0119pnie zagotowa\u0107 a\u017c zg\u0119stnieje.<br \/>\n7. G\u0119stym kremem nape\u0142nia\u0107 babeczki, uk\u0142ada\u0107 na wierzchu podzielone na cz\u0105stki mandarynki.<\/p>\n","protected":false},"excerpt":{"rendered":"<p>Na ciasto: szklanka m\u0105ki, 2 \u0142y\u017cki cukru pudru, szczypta soli, 2 \u017c\u00f3\u0142tka, 4 \u0142y\u017cki mas\u0142a, 3 \u0142y\u017cki zimnej wody. Na krem: szklanka mleka, sk\u00f3rka starta z pomara\u0144czy, p\u00f3\u0142 laski wanilii, 2 \u017c\u00f3\u0142tka, \u0107wier\u0107 szklanki cukru, 3 \u0142y\u017cki m\u0105ki. Do wysmarowania 10 ma\u0142ych blaszanych babeczek: \u0142y\u017cka m\u0105ki Do przybrania: 3 mandarynki.\u00a0 1. Wysypa\u0107 na stolnice po\u0142ow\u0119 [&hellip;]<\/p>\n","protected":false},"author":2,"featured_media":0,"comment_status":"open","ping_status":"open","sticky":false,"template":"","format":"standard","meta":{"footnotes":""},"categories":[1],"tags":[],"_links":{"self":[{"href":"https:\/\/blog.polityka.pl\/adamczewski\/wp-json\/wp\/v2\/posts\/10076"}],"collection":[{"href":"https:\/\/blog.polityka.pl\/adamczewski\/wp-json\/wp\/v2\/posts"}],"about":[{"href":"https:\/\/blog.polityka.pl\/adamczewski\/wp-json\/wp\/v2\/types\/post"}],"author":[{"embeddable":true,"href":"https:\/\/blog.polityka.pl\/adamczewski\/wp-json\/wp\/v2\/users\/2"}],"replies":[{"embeddable":true,"href":"https:\/\/blog.polityka.pl\/adamczewski\/wp-json\/wp\/v2\/comments?post=10076"}],"version-history":[{"count":0,"href":"https:\/\/blog.polityka.pl\/adamczewski\/wp-json\/wp\/v2\/posts\/10076\/revisions"}],"wp:attachment":[{"href":"https:\/\/blog.polityka.pl\/adamczewski\/wp-json\/wp\/v2\/media?parent=10076"}],"wp:term":[{"taxonomy":"category","embeddable":true,"href":"https:\/\/blog.polityka.pl\/adamczewski\/wp-json\/wp\/v2\/categories?post=10076"},{"taxonomy":"post_tag","embeddable":true,"href":"https:\/\/blog.polityka.pl\/adamczewski\/wp-json\/wp\/v2\/tags?post=10076"}],"curies":[{"name":"wp","href":"https:\/\/api.w.org\/{rel}","templated":true}]}}