
{"id":10080,"date":"2008-12-18T06:56:41","date_gmt":"2008-12-18T05:56:41","guid":{"rendered":"http:\/\/adamczewscy.pl\/?p=2252"},"modified":"2008-12-18T06:56:41","modified_gmt":"2008-12-18T05:56:41","slug":"sledzie-rodzynkowe-inaczej","status":"publish","type":"post","link":"https:\/\/blog.polityka.pl\/adamczewski\/2008\/12\/18\/sledzie-rodzynkowe-inaczej\/","title":{"rendered":"\u015aledzie rodzynkowe inaczej"},"content":{"rendered":"<p><em>8 filet\u00f3w \u015bledziowych, ew. 2 szklanki mleka, 2 gar\u015bcie rodzynek, 2 \u015brednie cebule, szklanka oleju.\u00a0<\/em><\/p>\n<p>1. Filety umy\u0107, je\u015bli trzeba zala\u0107 mlekiem lub wymoczy\u0107 aby nie by\u0142y zbyt s\u0142one. Osuszy\u0107 papierowym r\u0119cznikiem, podzieli\u0107 na uko\u015bne kawa\u0142ki.<br \/>\n2. Rodzynki zala\u0107 szklank\u0105 ciep\u0142ej wody, po kilkunastu minutach, kiedy sp\u0119czniej\u0105 odcedzi\u0107 i wytrze\u0107 papierowym r\u0119cznikiem.<br \/>\n3. Cebule posieka\u0107 jak najdrobniej, sparzy\u0107  na sitku wrz\u0105c\u0105 wod\u0105, odstawi\u0107 do ods\u0105czenia.<br \/>\n4. Wymiesza\u0107 rodzynki z cebul\u0105.<br \/>\n5. W s\u0142oju uk\u0142ada\u0107 warstwami kawa\u0142ki \u015bledzi i cebul\u0119 z rodzynkami.<br \/>\n6. Zala\u0107 ca\u0142o\u015b\u0107 oliw\u0105. Gdyby nie wystarczy\u0142a szklanka oliwy &#8211; nale\u017cy dola\u0107 nieco wi\u0119cej.<\/p>\n","protected":false},"excerpt":{"rendered":"<p>8 filet\u00f3w \u015bledziowych, ew. 2 szklanki mleka, 2 gar\u015bcie rodzynek, 2 \u015brednie cebule, szklanka oleju.\u00a0 1. Filety umy\u0107, je\u015bli trzeba zala\u0107 mlekiem lub wymoczy\u0107 aby nie by\u0142y zbyt s\u0142one. Osuszy\u0107 papierowym r\u0119cznikiem, podzieli\u0107 na uko\u015bne kawa\u0142ki. 2. Rodzynki zala\u0107 szklank\u0105 ciep\u0142ej wody, po kilkunastu minutach, kiedy sp\u0119czniej\u0105 odcedzi\u0107 i wytrze\u0107 papierowym r\u0119cznikiem. 3. Cebule posieka\u0107 [&hellip;]<\/p>\n","protected":false},"author":2,"featured_media":0,"comment_status":"open","ping_status":"open","sticky":false,"template":"","format":"standard","meta":{"footnotes":""},"categories":[1],"tags":[],"_links":{"self":[{"href":"https:\/\/blog.polityka.pl\/adamczewski\/wp-json\/wp\/v2\/posts\/10080"}],"collection":[{"href":"https:\/\/blog.polityka.pl\/adamczewski\/wp-json\/wp\/v2\/posts"}],"about":[{"href":"https:\/\/blog.polityka.pl\/adamczewski\/wp-json\/wp\/v2\/types\/post"}],"author":[{"embeddable":true,"href":"https:\/\/blog.polityka.pl\/adamczewski\/wp-json\/wp\/v2\/users\/2"}],"replies":[{"embeddable":true,"href":"https:\/\/blog.polityka.pl\/adamczewski\/wp-json\/wp\/v2\/comments?post=10080"}],"version-history":[{"count":0,"href":"https:\/\/blog.polityka.pl\/adamczewski\/wp-json\/wp\/v2\/posts\/10080\/revisions"}],"wp:attachment":[{"href":"https:\/\/blog.polityka.pl\/adamczewski\/wp-json\/wp\/v2\/media?parent=10080"}],"wp:term":[{"taxonomy":"category","embeddable":true,"href":"https:\/\/blog.polityka.pl\/adamczewski\/wp-json\/wp\/v2\/categories?post=10080"},{"taxonomy":"post_tag","embeddable":true,"href":"https:\/\/blog.polityka.pl\/adamczewski\/wp-json\/wp\/v2\/tags?post=10080"}],"curies":[{"name":"wp","href":"https:\/\/api.w.org\/{rel}","templated":true}]}}