
{"id":10081,"date":"2008-12-18T06:57:44","date_gmt":"2008-12-18T05:57:44","guid":{"rendered":"http:\/\/adamczewscy.pl\/?p=2253"},"modified":"2008-12-18T06:57:44","modified_gmt":"2008-12-18T05:57:44","slug":"sledzie-na-czerwono","status":"publish","type":"post","link":"https:\/\/blog.polityka.pl\/adamczewski\/2008\/12\/18\/sledzie-na-czerwono\/","title":{"rendered":"\u015aledzie na czerwono"},"content":{"rendered":"<p><em>8 filet\u00f3w \u015bledziowych (najlepsze s\u0105 matjasy), 4 spore cebule, p\u00f3\u0142 szklanki oliwy lub oleju,  puszka koncentratu pomidorowego, s\u00f3l,  pieprz, cukier, s\u0142odka mielona papryka.\u00a0<\/em><\/p>\n<p>1. Filety umy\u0107 i je\u015bli to niezb\u0119dne &#8211; wymoczy\u0107, osuszy\u0107 papierowym r\u0119cznikiem kuchennym, pokroi\u0107 na uko\u015bne kawa\u0142ki.<br \/>\n2. Cebul\u0119 bardzo drobno posieka\u0107, zeszkli\u0107 na oliwie lub oleju. Doda\u0107 przecier pomidorowy, doprawi\u0107 sol\u0105, pieprzem i papryk\u0105.<br \/>\n3. W szerokim s\u0142oju uk\u0142ada\u0107 warstw\u0119 \u015bledzi, na niej warstw\u0119 czerwonego cebulowego sosu i tak a\u017c do wyczerpania si\u0119 sk\u0142adnik\u00f3w. Odstawi\u0107 co najmniej na kilkana\u015bcie godzin.<\/p>\n","protected":false},"excerpt":{"rendered":"<p>8 filet\u00f3w \u015bledziowych (najlepsze s\u0105 matjasy), 4 spore cebule, p\u00f3\u0142 szklanki oliwy lub oleju, puszka koncentratu pomidorowego, s\u00f3l, pieprz, cukier, s\u0142odka mielona papryka.\u00a0 1. Filety umy\u0107 i je\u015bli to niezb\u0119dne &#8211; wymoczy\u0107, osuszy\u0107 papierowym r\u0119cznikiem kuchennym, pokroi\u0107 na uko\u015bne kawa\u0142ki. 2. Cebul\u0119 bardzo drobno posieka\u0107, zeszkli\u0107 na oliwie lub oleju. Doda\u0107 przecier pomidorowy, doprawi\u0107 sol\u0105, [&hellip;]<\/p>\n","protected":false},"author":2,"featured_media":0,"comment_status":"open","ping_status":"open","sticky":false,"template":"","format":"standard","meta":{"footnotes":""},"categories":[1],"tags":[],"_links":{"self":[{"href":"https:\/\/blog.polityka.pl\/adamczewski\/wp-json\/wp\/v2\/posts\/10081"}],"collection":[{"href":"https:\/\/blog.polityka.pl\/adamczewski\/wp-json\/wp\/v2\/posts"}],"about":[{"href":"https:\/\/blog.polityka.pl\/adamczewski\/wp-json\/wp\/v2\/types\/post"}],"author":[{"embeddable":true,"href":"https:\/\/blog.polityka.pl\/adamczewski\/wp-json\/wp\/v2\/users\/2"}],"replies":[{"embeddable":true,"href":"https:\/\/blog.polityka.pl\/adamczewski\/wp-json\/wp\/v2\/comments?post=10081"}],"version-history":[{"count":0,"href":"https:\/\/blog.polityka.pl\/adamczewski\/wp-json\/wp\/v2\/posts\/10081\/revisions"}],"wp:attachment":[{"href":"https:\/\/blog.polityka.pl\/adamczewski\/wp-json\/wp\/v2\/media?parent=10081"}],"wp:term":[{"taxonomy":"category","embeddable":true,"href":"https:\/\/blog.polityka.pl\/adamczewski\/wp-json\/wp\/v2\/categories?post=10081"},{"taxonomy":"post_tag","embeddable":true,"href":"https:\/\/blog.polityka.pl\/adamczewski\/wp-json\/wp\/v2\/tags?post=10081"}],"curies":[{"name":"wp","href":"https:\/\/api.w.org\/{rel}","templated":true}]}}