
{"id":10086,"date":"2008-12-18T07:03:01","date_gmt":"2008-12-18T06:03:01","guid":{"rendered":"http:\/\/adamczewscy.pl\/?p=2258"},"modified":"2008-12-18T07:03:01","modified_gmt":"2008-12-18T06:03:01","slug":"makowiec-z-jablkami","status":"publish","type":"post","link":"https:\/\/blog.polityka.pl\/adamczewski\/2008\/12\/18\/makowiec-z-jablkami\/","title":{"rendered":"Makowiec z jab\u0142kami"},"content":{"rendered":"<p><em>3 szklanki maku, 2 szklanki cukru, 6 \u015brednich jab\u0142ek, 20 dag mas\u0142a, 10 dag migda\u0142\u00f3w, 10 dag rodzynek, 8 jaj, cukier waniliowy, 8 kopiastych \u0142y\u017cek kaszy manny, 3 \u0142y\u017ceczki proszku do pieczenia, olejek migda\u0142owy.<br \/>\nDo wysmarowania blaszki: \u0142y\u017cka mas\u0142a.\u00a0<\/em><\/p>\n<p>1. Mak sparzy\u0107 wrz\u0105c\u0105 wod\u0105, ods\u0105czy\u0107 i dwukrotnie zemle\u0107.<br \/>\n2. Jab\u0142ka obra\u0107 i zetrze\u0107 na grubej jarzynowej tarce.<br \/>\n3. Migda\u0142y posieka\u0107.<br \/>\n4. Utrze\u0107 mas\u0142o z cukrem i \u017c\u00f3\u0142tkami (bia\u0142ka od\u0142o\u017cy\u0107 do ubicia piany) i doda\u0107 cukier waniliowy oraz kasz\u0119, proszek do pieczenia, migda\u0142y, olejek migda\u0142owy i starte jab\u0142ka. Wymiesza\u0107, doda\u0107 zmielony mak i zn\u00f3w wymiesza\u0107.<br \/>\n5. Ubi\u0107 z bia\u0142ek sztywn\u0105 pian\u0119 i jeszcze raz, bardzo delikatnie, wymiesza\u0107.<br \/>\n6. Wysmarowa\u0107 mas\u0142em blaszk\u0119 (mniej wi\u0119cej 25&#215;35 cm), prze\u0142o\u017cy\u0107 do niej ciasto i piec w temperaturze 180 st C oko\u0142o godziny.<\/p>\n","protected":false},"excerpt":{"rendered":"<p>3 szklanki maku, 2 szklanki cukru, 6 \u015brednich jab\u0142ek, 20 dag mas\u0142a, 10 dag migda\u0142\u00f3w, 10 dag rodzynek, 8 jaj, cukier waniliowy, 8 kopiastych \u0142y\u017cek kaszy manny, 3 \u0142y\u017ceczki proszku do pieczenia, olejek migda\u0142owy. Do wysmarowania blaszki: \u0142y\u017cka mas\u0142a.\u00a0 1. Mak sparzy\u0107 wrz\u0105c\u0105 wod\u0105, ods\u0105czy\u0107 i dwukrotnie zemle\u0107. 2. Jab\u0142ka obra\u0107 i zetrze\u0107 na grubej [&hellip;]<\/p>\n","protected":false},"author":2,"featured_media":0,"comment_status":"open","ping_status":"open","sticky":false,"template":"","format":"standard","meta":{"footnotes":""},"categories":[1],"tags":[],"_links":{"self":[{"href":"https:\/\/blog.polityka.pl\/adamczewski\/wp-json\/wp\/v2\/posts\/10086"}],"collection":[{"href":"https:\/\/blog.polityka.pl\/adamczewski\/wp-json\/wp\/v2\/posts"}],"about":[{"href":"https:\/\/blog.polityka.pl\/adamczewski\/wp-json\/wp\/v2\/types\/post"}],"author":[{"embeddable":true,"href":"https:\/\/blog.polityka.pl\/adamczewski\/wp-json\/wp\/v2\/users\/2"}],"replies":[{"embeddable":true,"href":"https:\/\/blog.polityka.pl\/adamczewski\/wp-json\/wp\/v2\/comments?post=10086"}],"version-history":[{"count":0,"href":"https:\/\/blog.polityka.pl\/adamczewski\/wp-json\/wp\/v2\/posts\/10086\/revisions"}],"wp:attachment":[{"href":"https:\/\/blog.polityka.pl\/adamczewski\/wp-json\/wp\/v2\/media?parent=10086"}],"wp:term":[{"taxonomy":"category","embeddable":true,"href":"https:\/\/blog.polityka.pl\/adamczewski\/wp-json\/wp\/v2\/categories?post=10086"},{"taxonomy":"post_tag","embeddable":true,"href":"https:\/\/blog.polityka.pl\/adamczewski\/wp-json\/wp\/v2\/tags?post=10086"}],"curies":[{"name":"wp","href":"https:\/\/api.w.org\/{rel}","templated":true}]}}