
{"id":10091,"date":"2008-12-18T07:06:52","date_gmt":"2008-12-18T06:06:52","guid":{"rendered":"http:\/\/adamczewscy.pl\/?p=2263"},"modified":"2008-12-18T07:06:52","modified_gmt":"2008-12-18T06:06:52","slug":"pierniczki-na-choinke","status":"publish","type":"post","link":"https:\/\/blog.polityka.pl\/adamczewski\/2008\/12\/18\/pierniczki-na-choinke\/","title":{"rendered":"Pierniczki na choink\u0119"},"content":{"rendered":"<p><em>50 dag m\u0105ki, 20 dag cukru pudru, 4 \u0142y\u017cki miodu (najlepszy jest gryczany), 15 dag mas\u0142a, jajko, \u0142y\u017ceczka sody oczyszczanej, 2 \u0142y\u017cki przyprawy korzennej do piernik\u00f3w.<br \/>\nDo dekoracji :dowolne gotowe posypki i lukier z cukru pudru i soku cytrynowego<\/em><\/p>\n<p>1. M\u0105k\u0119 wymiesza\u0107 na stolnicy z sod\u0105, doda\u0107 przypraw\u0119 do piernik\u00f3w, p\u0142ynny mi\u00f3d, cukier, mas\u0142o i jajko. Zagnie\u015b\u0107 ze wszystkich tych sk\u0142adnik\u00f3w ciasto. Nale\u017cy je zagniata\u0107, a\u017c b\u0119dzie jednolite i g\u0142adkie.<br \/>\n2. Ciasto rozwa\u0142kowa\u0107 na cienki placek i wycina\u0107 foremkami r\u00f3\u017cnych kszta\u0142t\u00f3w pierniczki.<br \/>\n3. Nagrza\u0107 piekarnik do 180 st C u piec pierniczki 10 minut: nie powinny si\u0119 nadmiernie zrumieni\u0107, aby nie nabra\u0142y gorzkiego smaku.<br \/>\n4. 3 &#8211; 4 \u0142y\u017cki cukru pudru umie\u015bci\u0107 w garnuszku, wkrapia\u0107 po odrobinie sok cytrynowy ucieraj\u0105c lukier \u0142y\u017ceczk\u0105. Lukrem pokrywa\u0107 cienko pierniczki, po czym dekorowa\u0107 posypkami.<br \/>\nWycinaj\u0105c pierniczki warto pami\u0119ta\u0107 o pozostawieniu niewielkiej dziurki aby mo\u017cna by\u0142o przewlec przez ni\u0105 nitk\u0119 do zawieszania.<\/p>\n","protected":false},"excerpt":{"rendered":"<p>50 dag m\u0105ki, 20 dag cukru pudru, 4 \u0142y\u017cki miodu (najlepszy jest gryczany), 15 dag mas\u0142a, jajko, \u0142y\u017ceczka sody oczyszczanej, 2 \u0142y\u017cki przyprawy korzennej do piernik\u00f3w. Do dekoracji :dowolne gotowe posypki i lukier z cukru pudru i soku cytrynowego 1. M\u0105k\u0119 wymiesza\u0107 na stolnicy z sod\u0105, doda\u0107 przypraw\u0119 do piernik\u00f3w, p\u0142ynny mi\u00f3d, cukier, mas\u0142o i [&hellip;]<\/p>\n","protected":false},"author":2,"featured_media":0,"comment_status":"open","ping_status":"open","sticky":false,"template":"","format":"standard","meta":{"footnotes":""},"categories":[1],"tags":[],"_links":{"self":[{"href":"https:\/\/blog.polityka.pl\/adamczewski\/wp-json\/wp\/v2\/posts\/10091"}],"collection":[{"href":"https:\/\/blog.polityka.pl\/adamczewski\/wp-json\/wp\/v2\/posts"}],"about":[{"href":"https:\/\/blog.polityka.pl\/adamczewski\/wp-json\/wp\/v2\/types\/post"}],"author":[{"embeddable":true,"href":"https:\/\/blog.polityka.pl\/adamczewski\/wp-json\/wp\/v2\/users\/2"}],"replies":[{"embeddable":true,"href":"https:\/\/blog.polityka.pl\/adamczewski\/wp-json\/wp\/v2\/comments?post=10091"}],"version-history":[{"count":0,"href":"https:\/\/blog.polityka.pl\/adamczewski\/wp-json\/wp\/v2\/posts\/10091\/revisions"}],"wp:attachment":[{"href":"https:\/\/blog.polityka.pl\/adamczewski\/wp-json\/wp\/v2\/media?parent=10091"}],"wp:term":[{"taxonomy":"category","embeddable":true,"href":"https:\/\/blog.polityka.pl\/adamczewski\/wp-json\/wp\/v2\/categories?post=10091"},{"taxonomy":"post_tag","embeddable":true,"href":"https:\/\/blog.polityka.pl\/adamczewski\/wp-json\/wp\/v2\/tags?post=10091"}],"curies":[{"name":"wp","href":"https:\/\/api.w.org\/{rel}","templated":true}]}}