
{"id":10093,"date":"2008-12-18T07:08:18","date_gmt":"2008-12-18T06:08:18","guid":{"rendered":"http:\/\/adamczewscy.pl\/?p=2265"},"modified":"2008-12-18T07:08:18","modified_gmt":"2008-12-18T06:08:18","slug":"poledwiczki-w-ciescie-francuskim","status":"publish","type":"post","link":"https:\/\/blog.polityka.pl\/adamczewski\/2008\/12\/18\/poledwiczki-w-ciescie-francuskim\/","title":{"rendered":"Pol\u0119dwiczki w cie\u015bcie francuskim"},"content":{"rendered":"<p><em>4 ma\u0142e pol\u0119dwiczki wieprzowe, 4 \u0142y\u017cki oliwy, p\u00f3\u0142 \u0142y\u017ceczki suszonego rozmarynu, szczypta tymianku, s\u00f3l, pieprz, opakowanie gotowego ciasta francuskiego,  jajko.\u00a0<\/em><\/p>\n<p>1. Wymiesza\u0107 oliw\u0119 z sol\u0105, pieprzem, rozmarynem i tymiankiem, posmarowa\u0107 t\u0105 mieszank\u0105 pol\u0119dwiczki i odstawi\u0107 na godzin\u0119.<br \/>\n2. Po godzinie obsma\u017cy\u0107 pol\u0119dwiczki nie dodaj\u0105c ju\u017c oliwy. Ostudzi\u0107 lekko i podzieli\u0107 ka\u017cd\u0105 na po\u0142ow\u0119  (d\u0142ugo\u015bci).<br \/>\n3. Rozmro\u017cone ciasto francuskie podzieli\u0107 na 8 cz\u0119\u015bci,  zawin\u0105\u0107 po\u0142\u00f3wki pol\u0119dwiczek w ciasto, zlepi\u0107 ko\u0144ce, posmarowa\u0107 wierzch rozk\u0142\u00f3conym jajem.<br \/>\n4. Piec w temperaturze 220 st C, a\u017c ciasto zrumieni si\u0119 na z\u0142ocisto.<\/p>\n","protected":false},"excerpt":{"rendered":"<p>4 ma\u0142e pol\u0119dwiczki wieprzowe, 4 \u0142y\u017cki oliwy, p\u00f3\u0142 \u0142y\u017ceczki suszonego rozmarynu, szczypta tymianku, s\u00f3l, pieprz, opakowanie gotowego ciasta francuskiego, jajko.\u00a0 1. Wymiesza\u0107 oliw\u0119 z sol\u0105, pieprzem, rozmarynem i tymiankiem, posmarowa\u0107 t\u0105 mieszank\u0105 pol\u0119dwiczki i odstawi\u0107 na godzin\u0119. 2. Po godzinie obsma\u017cy\u0107 pol\u0119dwiczki nie dodaj\u0105c ju\u017c oliwy. Ostudzi\u0107 lekko i podzieli\u0107 ka\u017cd\u0105 na po\u0142ow\u0119 (d\u0142ugo\u015bci). 3. [&hellip;]<\/p>\n","protected":false},"author":2,"featured_media":0,"comment_status":"open","ping_status":"open","sticky":false,"template":"","format":"standard","meta":{"footnotes":""},"categories":[1],"tags":[],"_links":{"self":[{"href":"https:\/\/blog.polityka.pl\/adamczewski\/wp-json\/wp\/v2\/posts\/10093"}],"collection":[{"href":"https:\/\/blog.polityka.pl\/adamczewski\/wp-json\/wp\/v2\/posts"}],"about":[{"href":"https:\/\/blog.polityka.pl\/adamczewski\/wp-json\/wp\/v2\/types\/post"}],"author":[{"embeddable":true,"href":"https:\/\/blog.polityka.pl\/adamczewski\/wp-json\/wp\/v2\/users\/2"}],"replies":[{"embeddable":true,"href":"https:\/\/blog.polityka.pl\/adamczewski\/wp-json\/wp\/v2\/comments?post=10093"}],"version-history":[{"count":0,"href":"https:\/\/blog.polityka.pl\/adamczewski\/wp-json\/wp\/v2\/posts\/10093\/revisions"}],"wp:attachment":[{"href":"https:\/\/blog.polityka.pl\/adamczewski\/wp-json\/wp\/v2\/media?parent=10093"}],"wp:term":[{"taxonomy":"category","embeddable":true,"href":"https:\/\/blog.polityka.pl\/adamczewski\/wp-json\/wp\/v2\/categories?post=10093"},{"taxonomy":"post_tag","embeddable":true,"href":"https:\/\/blog.polityka.pl\/adamczewski\/wp-json\/wp\/v2\/tags?post=10093"}],"curies":[{"name":"wp","href":"https:\/\/api.w.org\/{rel}","templated":true}]}}