
{"id":10100,"date":"2008-12-18T08:01:44","date_gmt":"2008-12-18T07:01:44","guid":{"rendered":"http:\/\/adamczewscy.pl\/?p=2279"},"modified":"2008-12-18T08:01:44","modified_gmt":"2008-12-18T07:01:44","slug":"swiateczna-paczka-2008","status":"publish","type":"post","link":"https:\/\/blog.polityka.pl\/adamczewski\/2008\/12\/18\/swiateczna-paczka-2008\/","title":{"rendered":"\u015awi\u0105teczna paczka 2008"},"content":{"rendered":"<p>Wzorem poprzedniego roku chcemy u\u017cytkownikom naszej witryny podarowa\u0107 co\u015b praktycznego. Nie b\u0119dzie chyba wielk\u0105 niespodziank\u0105, je\u015bli powiemy, \u017ce b\u0119d\u0105 to przepisy. Wszak to nasza specjalno\u015b\u0107. I to przepisy na \u015bwi\u0119ta. Mamy nadziej\u0119, \u017ce pomo\u017cemy w ten spos\u00f3b wielu osobom, kt\u00f3re chcia\u0142yby przy \u015bwi\u0105tecznym stole us\u0142ysze\u0107 mi\u0142e s\u0142owa. Wszystkie dania, kt\u00f3re tu prezentujemy s\u0105 godne pochwa\u0142y, nawet trudno powiedzie\u0107, co polecaliby\u015bmy szczeg\u00f3lnie. Chyba wszystko. Bo zar\u00f3wno zupy, jak dania mi\u0119sne na \u015bwi\u0119ta,  rybne na wigili\u0119 i wreszcie te \u015bwi\u0105teczne s\u0142odycze?<br \/>\nZach\u0119camy do znacznie wcze\u015bniejszego zaplanowania \u015bwi\u0105tecznych specja\u0142\u00f3w. A wi\u0119c smacznych \u015awi\u0105t!<\/p>\n<p><strong>Rybne przysmaki nie tylko na Wigili\u0119<\/strong><\/p>\n<p>Te \u015bwi\u0119ta kojarz\u0105 nam si\u0119 z karpiem, \u015bledziami i innymi rybami. W ka\u017cdym niemal domu s\u0105 inne ulubione dania, kt\u00f3re spodziewamy si\u0119 znale\u017a\u0107 na stole \u015bwi\u0105tecznym. Ale cz\u0119sto przecie\u017c mamy ochot\u0119 tak\u017ce na co\u015b zupe\u0142nie nowego, prawda? No i w\u0142a\u015bnie tu, w naszej witrynie znajdziecie nowe pomys\u0142y. R\u0119czymy, \u017ce spodobaj\u0105 si\u0119 i Wam,  i Waszym go\u015bciom. Na pewno warto poeksperymentowa\u0107 \u015bwi\u0105tecznie z naszymi przepisami w r\u0119kach.<\/p>\n<p><a href=\"http:\/\/adamczewscy.pl\/?p=2266\">Pstr\u0105gi zapiekane z serem<\/a><br \/>\n<a href=\"http:\/\/adamczewscy.pl\/?p=2268\">Ryba w marynacie<\/a><br \/>\n<a href=\"http:\/\/adamczewscy.pl\/?p=2257\">\u015aledzie w grzybach<\/a><br \/>\n<a href=\"http:\/\/adamczewscy.pl\/?p=2253\">\u015aledzie na czerwono<\/a><br \/>\n<a href=\"http:\/\/adamczewscy.pl\/?p=2252\">\u015aledzie rodzynkowe inaczej<\/a><br \/>\n<a href=\"http:\/\/adamczewscy.pl\/?p=2251\">\u015aledzie rodzynkowe<\/a><br \/>\n<a href=\"http:\/\/adamczewscy.pl\/?p=2250\">\u015aledzie zapiekane z grzybami i ziemniakami<\/a><\/p>\n<p><strong>Zupy wigilijne<\/strong><\/p>\n<p>Znakomite postne zupy wigilijne zale\u017c\u0105 od  regionu. Ka\u017cda cz\u0119\u015b\u0107 Polski chlubi si\u0119 inn\u0105 zup\u0105. Je\u015bli spojrzy si\u0119 na wigilijny st\u00f3\u0142 mo\u017cna z du\u017c\u0105 doz\u0105 prawdopodobie\u0144stwa okre\u015bli\u0107, sk\u0105d wywodzi si\u0119 zgromadzona przy nim rodzina. Ale przecie\u017c wobec przemieszania smak\u00f3w,  jakie niew\u0105tpliwie obserwujemy ostatnio,  r\u00f3wnie\u017c i tu nast\u0119puj\u0105 zmiany. A mo\u017ce bardziej b\u0119dzie Pa\u0144stwu smakowa\u0107 zupa migda\u0142owa ni\u017c grzybowa, za\u015b w innej za\u015b rodzinie rybno-grzybowa stanie si\u0119 pr\u00f3b\u0105 pogodzenia r\u00f3\u017cnych tradycji. Warto poeksperymentowa\u0107.<\/p>\n<p><a href=\"http:\/\/adamczewscy.pl\/?p=2271\">Staropolski krem z borowik\u00f3w<\/a><br \/>\n<a href=\"http:\/\/adamczewscy.pl\/?p=2276\">Zupa rybna z talarkami<\/a><br \/>\n<a href=\"http:\/\/adamczewscy.pl\/?p=2274\">Zupa rybno-grzybowa<\/a><br \/>\n<a href=\"http:\/\/adamczewscy.pl\/?p=2273\">Tradycyjna zupa migda\u0142owa<\/a><br \/>\n<a href=\"http:\/\/adamczewscy.pl\/?p=2248\">Barszcz litewski<\/a><br \/>\n<a href=\"http:\/\/adamczewscy.pl\/?p=2249\">Barszcz szybki i doskona\u0142y<\/a><\/p>\n<p><strong>\u015awi\u0105teczne mi\u0119sa<\/strong><\/p>\n<p>W  liczne w tym roku \u015bwi\u0105teczne dni b\u0119dziemy mieli wiele okazji do kulinarnych popis\u00f3w, do  wypr\u00f3bowania nowych potraw, do ugotowania tak\u017ce i tego, co jest w naszej kuchni pewniakiem, co zawsze wychodzi i smakuje.<br \/>\nAle zapewne  oczekujecie od nas nowych pomys\u0142\u00f3w &#8211; oto one. S\u0105 tu zar\u00f3wno przepisy na dania gor\u0105ce jak i na tradycyjne mi\u0119sne dania dope\u0142niaj\u0105ce \u015bwi\u0105teczne spotkania z rodzin\u0105 i znajomymi przy stole. Reszty szukajcie w\u015br\u00f3d innych dzia\u0142\u00f3w naszej witryny a jest naprawd\u0119 w czym wybiera\u0107.<\/p>\n<p><a href=\"http:\/\/adamczewscy.pl\/?p=2256\">Galaretka z kurczaka<\/a><br \/>\n<a href=\"http:\/\/adamczewscy.pl\/?p=2255\">\u017beberka w s\u0142odkim sosie<\/a><br \/>\n<a href=\"http:\/\/adamczewscy.pl\/?p=2254\">Boeuf Strogonow<\/a><br \/>\n<a href=\"http:\/\/adamczewscy.pl\/?p=2262\">Piecze\u0144 wo\u0142owa z brandy<\/a><br \/>\n<a href=\"http:\/\/adamczewscy.pl\/?p=2261\">Piecze\u0144 w chlebie<\/a><br \/>\n<a href=\"http:\/\/adamczewscy.pl\/?p=2260\">Pasztet z zaj\u0105ca<\/a><br \/>\n<a href=\"http:\/\/adamczewscy.pl\/?p=2269\">Schab w boczku i z warzywami<\/a><br \/>\n<a href=\"http:\/\/adamczewscy.pl\/?p=2267\">Rolady z indyka w sosie pomara\u0144czowym<\/a><br \/>\n<a href=\"http:\/\/adamczewscy.pl\/?p=2265\">Pol\u0119dwiczki w cie\u015bcie francuskim<\/a><br \/>\n<a href=\"http:\/\/adamczewscy.pl\/?p=2264\">Pol\u0119dwica marynowana<\/a><\/p>\n<p><strong>S\u0142odycz pod choink\u0105<\/strong><\/p>\n<p>Kolacj\u0119 wigilijn\u0105 ko\u0144czy w naszym domu kutia. Czasem zdarzy si\u0119, \u017ce kutii starczy i na d\u0142u\u017cej. A je\u015bli nie to pierwszy i drugi dzie\u0144 Bo\u017cego Narodzenia os\u0142adzane s\u0105 piernikiem, sernikiem, tortami i ciastem dro\u017cd\u017cowym. Je\u015bli dopisze jeszcze pogoda ? troch\u0119 mrozu, troch\u0119 \u015bniegu i s\u0142o\u0144ce, to \u015bwi\u0119ta s\u0105 udane czyli&#8230; s\u0142odkie!<\/p>\n<p><a href=\"http:\/\/adamczewscy.pl\/?p=2263\">Pierniczki na choink\u0119<\/a><br \/>\n<a href=\"http:\/\/adamczewscy.pl\/?p=2259\">Makowiec z kruszonk\u0105<\/a><br \/>\n<a href=\"http:\/\/adamczewscy.pl\/?p=2258\">Makowiec z jab\u0142kami<\/a><br \/>\n<a href=\"http:\/\/adamczewscy.pl\/?p=2278\">\u015awi\u0105teczna rolada (ga\u0142\u0105\u017a)<\/a><br \/>\n<a href=\"http:\/\/adamczewscy.pl\/?p=2277\">Wigilijny piernik<\/a><br \/>\n<a href=\"http:\/\/adamczewscy.pl\/?p=2275\">\u015awi\u0105teczne ciasto z bakaliami<\/a><br \/>\n<a href=\"http:\/\/adamczewscy.pl\/?p=2272\">Tort makowy<\/a><br \/>\n<a href=\"http:\/\/adamczewscy.pl\/?p=2270\">Sernik z makiem<\/a><\/p>\n","protected":false},"excerpt":{"rendered":"<p>Wzorem poprzedniego roku chcemy u\u017cytkownikom naszej witryny podarowa\u0107 co\u015b praktycznego. Nie b\u0119dzie chyba wielk\u0105 niespodziank\u0105, je\u015bli powiemy, \u017ce b\u0119d\u0105 to przepisy. Wszak to nasza specjalno\u015b\u0107. I to przepisy na \u015bwi\u0119ta. Mamy nadziej\u0119, \u017ce pomo\u017cemy w ten spos\u00f3b wielu osobom, kt\u00f3re chcia\u0142yby przy \u015bwi\u0105tecznym stole us\u0142ysze\u0107 mi\u0142e s\u0142owa. Wszystkie dania, kt\u00f3re tu prezentujemy s\u0105 godne pochwa\u0142y, [&hellip;]<\/p>\n","protected":false},"author":2,"featured_media":0,"comment_status":"open","ping_status":"open","sticky":false,"template":"","format":"standard","meta":{"footnotes":""},"categories":[1],"tags":[],"_links":{"self":[{"href":"https:\/\/blog.polityka.pl\/adamczewski\/wp-json\/wp\/v2\/posts\/10100"}],"collection":[{"href":"https:\/\/blog.polityka.pl\/adamczewski\/wp-json\/wp\/v2\/posts"}],"about":[{"href":"https:\/\/blog.polityka.pl\/adamczewski\/wp-json\/wp\/v2\/types\/post"}],"author":[{"embeddable":true,"href":"https:\/\/blog.polityka.pl\/adamczewski\/wp-json\/wp\/v2\/users\/2"}],"replies":[{"embeddable":true,"href":"https:\/\/blog.polityka.pl\/adamczewski\/wp-json\/wp\/v2\/comments?post=10100"}],"version-history":[{"count":0,"href":"https:\/\/blog.polityka.pl\/adamczewski\/wp-json\/wp\/v2\/posts\/10100\/revisions"}],"wp:attachment":[{"href":"https:\/\/blog.polityka.pl\/adamczewski\/wp-json\/wp\/v2\/media?parent=10100"}],"wp:term":[{"taxonomy":"category","embeddable":true,"href":"https:\/\/blog.polityka.pl\/adamczewski\/wp-json\/wp\/v2\/categories?post=10100"},{"taxonomy":"post_tag","embeddable":true,"href":"https:\/\/blog.polityka.pl\/adamczewski\/wp-json\/wp\/v2\/tags?post=10100"}],"curies":[{"name":"wp","href":"https:\/\/api.w.org\/{rel}","templated":true}]}}