
{"id":10103,"date":"2009-01-04T11:29:13","date_gmt":"2009-01-04T10:29:13","guid":{"rendered":"http:\/\/adamczewscy.pl\/?p=2283"},"modified":"2009-01-04T11:29:13","modified_gmt":"2009-01-04T10:29:13","slug":"surowka-brokulowa","status":"publish","type":"post","link":"https:\/\/blog.polityka.pl\/adamczewski\/2009\/01\/04\/surowka-brokulowa\/","title":{"rendered":"Sur\u00f3wka broku\u0142owa"},"content":{"rendered":"<p><em>Niewielki broku\u0142, \u0142y\u017cka siekanej zielonej pietruszki, \u0142y\u017cka posiekanego szczypiorku, \u0142y\u017cka posiekanego koperku, 2 \u0142y\u017cki posiekanych orzech\u00f3w w\u0142oskich, p\u00f3\u0142 szklanki majonezu, \u0142y\u017cka jogurtu naturalnego, 2 z\u0105bki czosnku, s\u00f3l, sok z cytryny, \u015bwie\u017co zmielony bia\u0142y pieprz do smaku.\u00a0<\/em><\/p>\n<p>1. Umy\u0107 broku\u0142, odci\u0105\u0107 twarde ko\u0144ce \u0142odyg, pozosta\u0142e cz\u0119\u015bci drobno posieka\u0107 lub zetrze\u0107 na grubej jarzynowej tarce (naj\u0142atwiej w malakserze).<br \/>\n2. Rozgnie\u015b\u0107 czosnek z sol\u0105, doda\u0107 do majonezu wraz z jogurtem, posiekan\u0105 zielenin\u0105. Doda\u0107 sok cytrynowy, s\u00f3l i pieprz do smaku. Wymiesza\u0107 sos.<br \/>\n3. Po\u0142\u0105czy\u0107 broku\u0142 z sosem.<\/p>\n","protected":false},"excerpt":{"rendered":"<p>Niewielki broku\u0142, \u0142y\u017cka siekanej zielonej pietruszki, \u0142y\u017cka posiekanego szczypiorku, \u0142y\u017cka posiekanego koperku, 2 \u0142y\u017cki posiekanych orzech\u00f3w w\u0142oskich, p\u00f3\u0142 szklanki majonezu, \u0142y\u017cka jogurtu naturalnego, 2 z\u0105bki czosnku, s\u00f3l, sok z cytryny, \u015bwie\u017co zmielony bia\u0142y pieprz do smaku.\u00a0 1. Umy\u0107 broku\u0142, odci\u0105\u0107 twarde ko\u0144ce \u0142odyg, pozosta\u0142e cz\u0119\u015bci drobno posieka\u0107 lub zetrze\u0107 na grubej jarzynowej tarce (naj\u0142atwiej w [&hellip;]<\/p>\n","protected":false},"author":2,"featured_media":0,"comment_status":"open","ping_status":"open","sticky":false,"template":"","format":"standard","meta":{"footnotes":""},"categories":[1],"tags":[],"_links":{"self":[{"href":"https:\/\/blog.polityka.pl\/adamczewski\/wp-json\/wp\/v2\/posts\/10103"}],"collection":[{"href":"https:\/\/blog.polityka.pl\/adamczewski\/wp-json\/wp\/v2\/posts"}],"about":[{"href":"https:\/\/blog.polityka.pl\/adamczewski\/wp-json\/wp\/v2\/types\/post"}],"author":[{"embeddable":true,"href":"https:\/\/blog.polityka.pl\/adamczewski\/wp-json\/wp\/v2\/users\/2"}],"replies":[{"embeddable":true,"href":"https:\/\/blog.polityka.pl\/adamczewski\/wp-json\/wp\/v2\/comments?post=10103"}],"version-history":[{"count":0,"href":"https:\/\/blog.polityka.pl\/adamczewski\/wp-json\/wp\/v2\/posts\/10103\/revisions"}],"wp:attachment":[{"href":"https:\/\/blog.polityka.pl\/adamczewski\/wp-json\/wp\/v2\/media?parent=10103"}],"wp:term":[{"taxonomy":"category","embeddable":true,"href":"https:\/\/blog.polityka.pl\/adamczewski\/wp-json\/wp\/v2\/categories?post=10103"},{"taxonomy":"post_tag","embeddable":true,"href":"https:\/\/blog.polityka.pl\/adamczewski\/wp-json\/wp\/v2\/tags?post=10103"}],"curies":[{"name":"wp","href":"https:\/\/api.w.org\/{rel}","templated":true}]}}