
{"id":10104,"date":"2009-01-04T11:30:04","date_gmt":"2009-01-04T10:30:04","guid":{"rendered":"http:\/\/adamczewscy.pl\/?p=2284"},"modified":"2009-01-04T11:30:04","modified_gmt":"2009-01-04T10:30:04","slug":"buraczki-pomaranczowe","status":"publish","type":"post","link":"https:\/\/blog.polityka.pl\/adamczewski\/2009\/01\/04\/buraczki-pomaranczowe\/","title":{"rendered":"Buraczki pomara\u0144czowe"},"content":{"rendered":"<p><em>6 \u015brednich buraczk\u00f3w, s\u00f3l, 2 \u0142y\u017cki mas\u0142a, \u0142y\u017cka owocowego (lub winnego) octu,  kopiasta \u0142y\u017cka d\u017cemu pomara\u0144czowego.\u00a0<\/em><\/p>\n<p>1. Buraczki wyszorowa\u0107, ugotowa\u0107 w sk\u00f3rkach, ostudzi\u0107 i obra\u0107, po czym pokroi\u0107 na cz\u0105stki (paski, lub ?\u00f3semki? wedle gustu).<br \/>\n2. Na patelni rozgrza\u0107 mas\u0142o, doda\u0107 d\u017cem pomara\u0144czowy i ocet. Podgrzewaj\u0105c przygotowa\u0107 z tych sk\u0142adnik\u00f3w jednorodny sos, doda\u0107 pokrojone buraczki, lekko osoli\u0107 i wymiesza\u0107.<\/p>\n","protected":false},"excerpt":{"rendered":"<p>6 \u015brednich buraczk\u00f3w, s\u00f3l, 2 \u0142y\u017cki mas\u0142a, \u0142y\u017cka owocowego (lub winnego) octu, kopiasta \u0142y\u017cka d\u017cemu pomara\u0144czowego.\u00a0 1. Buraczki wyszorowa\u0107, ugotowa\u0107 w sk\u00f3rkach, ostudzi\u0107 i obra\u0107, po czym pokroi\u0107 na cz\u0105stki (paski, lub ?\u00f3semki? wedle gustu). 2. Na patelni rozgrza\u0107 mas\u0142o, doda\u0107 d\u017cem pomara\u0144czowy i ocet. Podgrzewaj\u0105c przygotowa\u0107 z tych sk\u0142adnik\u00f3w jednorodny sos, doda\u0107 pokrojone buraczki, [&hellip;]<\/p>\n","protected":false},"author":2,"featured_media":0,"comment_status":"open","ping_status":"open","sticky":false,"template":"","format":"standard","meta":{"footnotes":""},"categories":[1],"tags":[],"_links":{"self":[{"href":"https:\/\/blog.polityka.pl\/adamczewski\/wp-json\/wp\/v2\/posts\/10104"}],"collection":[{"href":"https:\/\/blog.polityka.pl\/adamczewski\/wp-json\/wp\/v2\/posts"}],"about":[{"href":"https:\/\/blog.polityka.pl\/adamczewski\/wp-json\/wp\/v2\/types\/post"}],"author":[{"embeddable":true,"href":"https:\/\/blog.polityka.pl\/adamczewski\/wp-json\/wp\/v2\/users\/2"}],"replies":[{"embeddable":true,"href":"https:\/\/blog.polityka.pl\/adamczewski\/wp-json\/wp\/v2\/comments?post=10104"}],"version-history":[{"count":0,"href":"https:\/\/blog.polityka.pl\/adamczewski\/wp-json\/wp\/v2\/posts\/10104\/revisions"}],"wp:attachment":[{"href":"https:\/\/blog.polityka.pl\/adamczewski\/wp-json\/wp\/v2\/media?parent=10104"}],"wp:term":[{"taxonomy":"category","embeddable":true,"href":"https:\/\/blog.polityka.pl\/adamczewski\/wp-json\/wp\/v2\/categories?post=10104"},{"taxonomy":"post_tag","embeddable":true,"href":"https:\/\/blog.polityka.pl\/adamczewski\/wp-json\/wp\/v2\/tags?post=10104"}],"curies":[{"name":"wp","href":"https:\/\/api.w.org\/{rel}","templated":true}]}}