
{"id":10105,"date":"2009-01-04T11:30:55","date_gmt":"2009-01-04T10:30:55","guid":{"rendered":"http:\/\/adamczewscy.pl\/?p=2285"},"modified":"2009-01-04T11:30:55","modified_gmt":"2009-01-04T10:30:55","slug":"filety-kurczece-na-sposob-paryski","status":"publish","type":"post","link":"https:\/\/blog.polityka.pl\/adamczewski\/2009\/01\/04\/filety-kurczece-na-sposob-paryski\/","title":{"rendered":"Filety kurcz\u0119ce na spos\u00f3b paryski"},"content":{"rendered":"<p><em>4 filety z piersi kurcz\u0119cej, czerwona i \u017c\u00f3\u0142ta papryka,  2 \u015brednie lub 1 wi\u0119ksza cukinia, bak\u0142a\u017can,  bulwa fenku\u0142u, s\u00f3l, pieprz.<br \/>\nNa marynat\u0119: 3\/4 szklanki oliwy z oliwek, 3\/4 szklanki bia\u0142ego wina, 2 z\u0105bki czosnku, 2 \u0142y\u017cki posiekanej zielonej pietruszki.<\/em><\/p>\n<p>1. Papryki pokroi\u0107 w kawa\u0142ki, bak\u0142a\u017can i cukini\u0119 oraz fenku\u0142 pokroi\u0107 w plasterki.<br \/>\n2. Filety z kurcz\u0119cej piersi u\u0142o\u017cy\u0107 w obszernym naczyniu lub misce, ob\u0142o\u017cy\u0107 przygotowanymi warzywami. Pola\u0107 przygotowan\u0105 z podanych sk\u0142adnik\u00f3w marynat\u0105. Odstawi\u0107 na 2 godziny.<br \/>\n3. Mi\u0119so wyj\u0119te z marynaty u\u0142o\u017cy\u0107 w \u017caroodpornym naczyniu i piec w temperaturze 180 st C oko\u0142o 20 minut. Polewa\u0107 kilkakrotnie marynat\u0105.<br \/>\n4. Po tym czasie u\u0142o\u017cy\u0107 wok\u00f3\u0142 warzywa, doda\u0107 reszt\u0119 marynaty i piec kolejne 15 minut.<br \/>\nPodawa\u0107 z ry\u017cem lub \u015bwie\u017c\u0105 bu\u0142k\u0105.<\/p>\n","protected":false},"excerpt":{"rendered":"<p>4 filety z piersi kurcz\u0119cej, czerwona i \u017c\u00f3\u0142ta papryka, 2 \u015brednie lub 1 wi\u0119ksza cukinia, bak\u0142a\u017can, bulwa fenku\u0142u, s\u00f3l, pieprz. Na marynat\u0119: 3\/4 szklanki oliwy z oliwek, 3\/4 szklanki bia\u0142ego wina, 2 z\u0105bki czosnku, 2 \u0142y\u017cki posiekanej zielonej pietruszki. 1. Papryki pokroi\u0107 w kawa\u0142ki, bak\u0142a\u017can i cukini\u0119 oraz fenku\u0142 pokroi\u0107 w plasterki. 2. Filety z [&hellip;]<\/p>\n","protected":false},"author":2,"featured_media":0,"comment_status":"open","ping_status":"open","sticky":false,"template":"","format":"standard","meta":{"footnotes":""},"categories":[1],"tags":[],"_links":{"self":[{"href":"https:\/\/blog.polityka.pl\/adamczewski\/wp-json\/wp\/v2\/posts\/10105"}],"collection":[{"href":"https:\/\/blog.polityka.pl\/adamczewski\/wp-json\/wp\/v2\/posts"}],"about":[{"href":"https:\/\/blog.polityka.pl\/adamczewski\/wp-json\/wp\/v2\/types\/post"}],"author":[{"embeddable":true,"href":"https:\/\/blog.polityka.pl\/adamczewski\/wp-json\/wp\/v2\/users\/2"}],"replies":[{"embeddable":true,"href":"https:\/\/blog.polityka.pl\/adamczewski\/wp-json\/wp\/v2\/comments?post=10105"}],"version-history":[{"count":0,"href":"https:\/\/blog.polityka.pl\/adamczewski\/wp-json\/wp\/v2\/posts\/10105\/revisions"}],"wp:attachment":[{"href":"https:\/\/blog.polityka.pl\/adamczewski\/wp-json\/wp\/v2\/media?parent=10105"}],"wp:term":[{"taxonomy":"category","embeddable":true,"href":"https:\/\/blog.polityka.pl\/adamczewski\/wp-json\/wp\/v2\/categories?post=10105"},{"taxonomy":"post_tag","embeddable":true,"href":"https:\/\/blog.polityka.pl\/adamczewski\/wp-json\/wp\/v2\/tags?post=10105"}],"curies":[{"name":"wp","href":"https:\/\/api.w.org\/{rel}","templated":true}]}}