
{"id":10107,"date":"2009-01-04T11:32:16","date_gmt":"2009-01-04T10:32:16","guid":{"rendered":"http:\/\/adamczewscy.pl\/?p=2287"},"modified":"2009-01-04T11:32:16","modified_gmt":"2009-01-04T10:32:16","slug":"marchew-z-dijon","status":"publish","type":"post","link":"https:\/\/blog.polityka.pl\/adamczewski\/2009\/01\/04\/marchew-z-dijon\/","title":{"rendered":"Marchew z Dijon"},"content":{"rendered":"<p><em>P\u00f3\u0142torej szklanki pokrojonej w kr\u0105\u017cki marchwi, 2 \u0142y\u017cki mas\u0142a, 3\/4 szklanki pokrojonej w kr\u0105\u017cki cebuli, 4 \u0142y\u017ceczki m\u0105ki, p\u00f3\u0142 szklanki mleka, \u0142y\u017cka ostrej musztardy, s\u00f3l, pieprz, 2 \u0142y\u017cki posiekanej zielonej pietruszki.\u00a0<\/em><\/p>\n<p>1. Marchew zala\u0107 posolon\u0105 lekko wod\u0105 i ugotowa\u0107 do mi\u0119kko\u015bci.<br \/>\n2. W rondlu roztopi\u0107 mas\u0142o, doda\u0107 pokrojona cebul\u0119 i sma\u017cy\u0107 przez 2 minuty.<br \/>\n3. Do cebuli doda\u0107 marchew i posypa\u0107 m\u0105k\u0105, wymiesza\u0107. Podgrzewaj\u0105c potraw\u0119 wlewa\u0107 mleko, mieszaj\u0105c, aby nie utworzy\u0142y si\u0119 grudki.<br \/>\n4. Kiedy potrawa zg\u0119stnieje doda\u0107 musztard\u0119  oraz pieprz i ew. s\u00f3l do smaku, chwil\u0119 jeszcze grza\u0107. Odstawi\u0107 i posypa\u0107 siekan\u0105 zielon\u0105 pietruszk\u0105.<\/p>\n","protected":false},"excerpt":{"rendered":"<p>P\u00f3\u0142torej szklanki pokrojonej w kr\u0105\u017cki marchwi, 2 \u0142y\u017cki mas\u0142a, 3\/4 szklanki pokrojonej w kr\u0105\u017cki cebuli, 4 \u0142y\u017ceczki m\u0105ki, p\u00f3\u0142 szklanki mleka, \u0142y\u017cka ostrej musztardy, s\u00f3l, pieprz, 2 \u0142y\u017cki posiekanej zielonej pietruszki.\u00a0 1. Marchew zala\u0107 posolon\u0105 lekko wod\u0105 i ugotowa\u0107 do mi\u0119kko\u015bci. 2. W rondlu roztopi\u0107 mas\u0142o, doda\u0107 pokrojona cebul\u0119 i sma\u017cy\u0107 przez 2 minuty. 3. [&hellip;]<\/p>\n","protected":false},"author":2,"featured_media":0,"comment_status":"open","ping_status":"open","sticky":false,"template":"","format":"standard","meta":{"footnotes":""},"categories":[1],"tags":[],"_links":{"self":[{"href":"https:\/\/blog.polityka.pl\/adamczewski\/wp-json\/wp\/v2\/posts\/10107"}],"collection":[{"href":"https:\/\/blog.polityka.pl\/adamczewski\/wp-json\/wp\/v2\/posts"}],"about":[{"href":"https:\/\/blog.polityka.pl\/adamczewski\/wp-json\/wp\/v2\/types\/post"}],"author":[{"embeddable":true,"href":"https:\/\/blog.polityka.pl\/adamczewski\/wp-json\/wp\/v2\/users\/2"}],"replies":[{"embeddable":true,"href":"https:\/\/blog.polityka.pl\/adamczewski\/wp-json\/wp\/v2\/comments?post=10107"}],"version-history":[{"count":0,"href":"https:\/\/blog.polityka.pl\/adamczewski\/wp-json\/wp\/v2\/posts\/10107\/revisions"}],"wp:attachment":[{"href":"https:\/\/blog.polityka.pl\/adamczewski\/wp-json\/wp\/v2\/media?parent=10107"}],"wp:term":[{"taxonomy":"category","embeddable":true,"href":"https:\/\/blog.polityka.pl\/adamczewski\/wp-json\/wp\/v2\/categories?post=10107"},{"taxonomy":"post_tag","embeddable":true,"href":"https:\/\/blog.polityka.pl\/adamczewski\/wp-json\/wp\/v2\/tags?post=10107"}],"curies":[{"name":"wp","href":"https:\/\/api.w.org\/{rel}","templated":true}]}}