
{"id":10108,"date":"2009-01-11T08:00:54","date_gmt":"2009-01-11T07:00:54","guid":{"rendered":"http:\/\/adamczewscy.pl\/?p=2290"},"modified":"2009-01-11T08:00:54","modified_gmt":"2009-01-11T07:00:54","slug":"flaki-wolowe-na-sposob-neapolitanski","status":"publish","type":"post","link":"https:\/\/blog.polityka.pl\/adamczewski\/2009\/01\/11\/flaki-wolowe-na-sposob-neapolitanski\/","title":{"rendered":"Flaki wo\u0142owe na spos\u00f3b neapolita\u0144ski"},"content":{"rendered":"<p><em>Opakowanie oczyszczonych, ugotowanych i pokrojonych mro\u017conych flak\u00f3w (50 dag), \u0142y\u017cka mas\u0142a, marchew, pietruszka,  kawa\u0142ek selera , p\u00f3\u0142 pora, 2 \u015brednie cebule, puszka krojonych pomidor\u00f3w w sosie, 4 szklanki bulionu lub wo\u0142owego roso\u0142u (mo\u017ce by\u0107 z kostki), pieprz, s\u00f3l, \u0142y\u017ceczka s\u0142odkiej mielonej papryki, do smaku imbir i starta ga\u0142ka muszkato\u0142owa, \u0142y\u017ceczka majeranku. Jako dodatek: 4 kopiaste \u0142y\u017cki startego \u017c\u00f3\u0142tego sera.\u00a0<\/em><\/p>\n<p>1. Marchew, pietruszk\u0119, seler i por pokroi\u0107 w drobne paseczki, poddusi\u0107 na ma\u015ble.<br \/>\n2. Do warzyw doda\u0107 ros\u00f3\u0142 lub bulion i pomidory, gotowa\u0107 10 minut.<br \/>\n3. Do pomidorowego sosu doda\u0107 obgotowane po rozmro\u017ceniu flaki, doda\u0107 przyprawy i gotowa\u0107 oko\u0142o 20minut.<br \/>\n4. Ka\u017cda porcj\u0119 posypa\u0107 startym \u017c\u00f3\u0142tym serem.<\/p>\n<p>Mro\u017cone ugotowane flaki s\u0105 bardzo starannie oczyszczone, proponuj\u0119 jednak jeszcze kilkakrotnie obgotowa\u0107 je za ka\u017cdym razem nalewaj\u0105c \u015bwie\u017c\u0105 wod\u0119.<\/p>\n","protected":false},"excerpt":{"rendered":"<p>Opakowanie oczyszczonych, ugotowanych i pokrojonych mro\u017conych flak\u00f3w (50 dag), \u0142y\u017cka mas\u0142a, marchew, pietruszka, kawa\u0142ek selera , p\u00f3\u0142 pora, 2 \u015brednie cebule, puszka krojonych pomidor\u00f3w w sosie, 4 szklanki bulionu lub wo\u0142owego roso\u0142u (mo\u017ce by\u0107 z kostki), pieprz, s\u00f3l, \u0142y\u017ceczka s\u0142odkiej mielonej papryki, do smaku imbir i starta ga\u0142ka muszkato\u0142owa, \u0142y\u017ceczka majeranku. Jako dodatek: 4 kopiaste [&hellip;]<\/p>\n","protected":false},"author":2,"featured_media":0,"comment_status":"open","ping_status":"open","sticky":false,"template":"","format":"standard","meta":{"footnotes":""},"categories":[1],"tags":[],"_links":{"self":[{"href":"https:\/\/blog.polityka.pl\/adamczewski\/wp-json\/wp\/v2\/posts\/10108"}],"collection":[{"href":"https:\/\/blog.polityka.pl\/adamczewski\/wp-json\/wp\/v2\/posts"}],"about":[{"href":"https:\/\/blog.polityka.pl\/adamczewski\/wp-json\/wp\/v2\/types\/post"}],"author":[{"embeddable":true,"href":"https:\/\/blog.polityka.pl\/adamczewski\/wp-json\/wp\/v2\/users\/2"}],"replies":[{"embeddable":true,"href":"https:\/\/blog.polityka.pl\/adamczewski\/wp-json\/wp\/v2\/comments?post=10108"}],"version-history":[{"count":0,"href":"https:\/\/blog.polityka.pl\/adamczewski\/wp-json\/wp\/v2\/posts\/10108\/revisions"}],"wp:attachment":[{"href":"https:\/\/blog.polityka.pl\/adamczewski\/wp-json\/wp\/v2\/media?parent=10108"}],"wp:term":[{"taxonomy":"category","embeddable":true,"href":"https:\/\/blog.polityka.pl\/adamczewski\/wp-json\/wp\/v2\/categories?post=10108"},{"taxonomy":"post_tag","embeddable":true,"href":"https:\/\/blog.polityka.pl\/adamczewski\/wp-json\/wp\/v2\/tags?post=10108"}],"curies":[{"name":"wp","href":"https:\/\/api.w.org\/{rel}","templated":true}]}}