
{"id":10110,"date":"2009-01-11T08:05:36","date_gmt":"2009-01-11T07:05:36","guid":{"rendered":"http:\/\/adamczewscy.pl\/?p=2292"},"modified":"2009-01-11T08:05:36","modified_gmt":"2009-01-11T07:05:36","slug":"indyk-po-chinsku-z-makaronem","status":"publish","type":"post","link":"https:\/\/blog.polityka.pl\/adamczewski\/2009\/01\/11\/indyk-po-chinsku-z-makaronem\/","title":{"rendered":"Indyk po chi\u0144sku z makaronem"},"content":{"rendered":"<p><em>30 dag filet\u00f3w z piersi indyka, ma\u0142a kapusta peki\u0144ska, 2 cebule, 3 \u0142y\u017cki sosu sojowego, 2 \u0142y\u017cki oleju (sezamowego lub s\u0142onecznikowego), s\u00f3l, pieprz do smaku, nieco wi\u0119cej ni\u017c p\u00f3\u0142 paczki makaronu wst\u0105\u017cek (oko\u0142o 30 dag).\u00a0<\/em><\/p>\n<p>1. Pokroi\u0107 w w\u0105skie paski li\u015bcie kapusty peki\u0144skiej, pokroi\u0107 w pi\u00f3rka cebule, pokroi\u0107 w cienkie plasterki mi\u0119so.<br \/>\n2. Ugotowa\u0107 makaron w du\u017cej ilo\u015bci wody, lekko osolonej. Odcedzi\u0107.<br \/>\n3. Rozgrza\u0107 w g\u0142\u0119bokiej patelni olej, obsma\u017ca\u0107 mi\u0119so przez 3 minuty, nast\u0119pnie doda\u0107 cebul\u0119 i kapust\u0119 peki\u0144sk\u0105 oraz sos sojowy i wszystko razem dusi\u0107 oko\u0142o 2 minut. Przyprawi\u0107 sol\u0105 i pieprzem.<br \/>\n4. Na patelni\u0119 z mi\u0119sem i kapust\u0105 wy\u0142o\u017cy\u0107 makaron, wymiesza\u0107 i podawa\u0107.<\/p>\n","protected":false},"excerpt":{"rendered":"<p>30 dag filet\u00f3w z piersi indyka, ma\u0142a kapusta peki\u0144ska, 2 cebule, 3 \u0142y\u017cki sosu sojowego, 2 \u0142y\u017cki oleju (sezamowego lub s\u0142onecznikowego), s\u00f3l, pieprz do smaku, nieco wi\u0119cej ni\u017c p\u00f3\u0142 paczki makaronu wst\u0105\u017cek (oko\u0142o 30 dag).\u00a0 1. Pokroi\u0107 w w\u0105skie paski li\u015bcie kapusty peki\u0144skiej, pokroi\u0107 w pi\u00f3rka cebule, pokroi\u0107 w cienkie plasterki mi\u0119so. 2. Ugotowa\u0107 makaron [&hellip;]<\/p>\n","protected":false},"author":2,"featured_media":0,"comment_status":"open","ping_status":"open","sticky":false,"template":"","format":"standard","meta":{"footnotes":""},"categories":[1],"tags":[],"_links":{"self":[{"href":"https:\/\/blog.polityka.pl\/adamczewski\/wp-json\/wp\/v2\/posts\/10110"}],"collection":[{"href":"https:\/\/blog.polityka.pl\/adamczewski\/wp-json\/wp\/v2\/posts"}],"about":[{"href":"https:\/\/blog.polityka.pl\/adamczewski\/wp-json\/wp\/v2\/types\/post"}],"author":[{"embeddable":true,"href":"https:\/\/blog.polityka.pl\/adamczewski\/wp-json\/wp\/v2\/users\/2"}],"replies":[{"embeddable":true,"href":"https:\/\/blog.polityka.pl\/adamczewski\/wp-json\/wp\/v2\/comments?post=10110"}],"version-history":[{"count":0,"href":"https:\/\/blog.polityka.pl\/adamczewski\/wp-json\/wp\/v2\/posts\/10110\/revisions"}],"wp:attachment":[{"href":"https:\/\/blog.polityka.pl\/adamczewski\/wp-json\/wp\/v2\/media?parent=10110"}],"wp:term":[{"taxonomy":"category","embeddable":true,"href":"https:\/\/blog.polityka.pl\/adamczewski\/wp-json\/wp\/v2\/categories?post=10110"},{"taxonomy":"post_tag","embeddable":true,"href":"https:\/\/blog.polityka.pl\/adamczewski\/wp-json\/wp\/v2\/tags?post=10110"}],"curies":[{"name":"wp","href":"https:\/\/api.w.org\/{rel}","templated":true}]}}