
{"id":10113,"date":"2009-01-11T08:07:28","date_gmt":"2009-01-11T07:07:28","guid":{"rendered":"http:\/\/adamczewscy.pl\/?p=2295"},"modified":"2009-01-11T08:07:28","modified_gmt":"2009-01-11T07:07:28","slug":"potrawka-z-ryby-i-porow","status":"publish","type":"post","link":"https:\/\/blog.polityka.pl\/adamczewski\/2009\/01\/11\/potrawka-z-ryby-i-porow\/","title":{"rendered":"Potrawka z ryby i por\u00f3w"},"content":{"rendered":"<p><em>50 dag filet\u00f3w z soli lub pangi, por, 15 dag pieczarek, p\u00f3\u0142 szklanki kwa\u015bnej \u015bmietany 18-proc., s\u00f3l, pieprz, 2 \u0142y\u017cki posiekanej zielonej pietruszki. Uwaga!  w wersji tej potrawy dla doros\u0142ych  dodatkowo jeszcze p\u00f3\u0142 szklanki wytrawnego bia\u0142ego wina.\u00a0<\/em><\/p>\n<p>1. Filety rybne pokroi\u0107 w kilkucentymetrowe kostki, por w cienkie paski.<br \/>\n2, Mas\u0142o rozgrza\u0107 w garnku doda\u0107 ryb\u0119 i pory, dusi\u0107 oko\u0142o 10 minut.<br \/>\n3. Pieczarki pokroi\u0107 w cienkie plasterki, doda\u0107 do dusz\u0105cej si\u0119 ryby z porem, je\u015bli u\u017cywamy wina, mo\u017cna je w\u0142a\u015bnie teraz wla\u0107 i dusi\u0107 ca\u0142o\u015b\u0107 jeszcze 5 minut.<br \/>\n4. Doprawi\u0107 potraw\u0119 \u015bmietan\u0105, sol\u0105 i pieprzem, posypa\u0107 obficie siekana zielon\u0105 pietruszk\u0105.<br \/>\nPotraw\u0119 t\u0119 mo\u017cna podawa\u0107 zar\u00f3wno z ziemniakami z wody jak i ry\u017cem.<\/p>\n","protected":false},"excerpt":{"rendered":"<p>50 dag filet\u00f3w z soli lub pangi, por, 15 dag pieczarek, p\u00f3\u0142 szklanki kwa\u015bnej \u015bmietany 18-proc., s\u00f3l, pieprz, 2 \u0142y\u017cki posiekanej zielonej pietruszki. Uwaga! w wersji tej potrawy dla doros\u0142ych dodatkowo jeszcze p\u00f3\u0142 szklanki wytrawnego bia\u0142ego wina.\u00a0 1. Filety rybne pokroi\u0107 w kilkucentymetrowe kostki, por w cienkie paski. 2, Mas\u0142o rozgrza\u0107 w garnku doda\u0107 ryb\u0119 [&hellip;]<\/p>\n","protected":false},"author":2,"featured_media":0,"comment_status":"open","ping_status":"open","sticky":false,"template":"","format":"standard","meta":{"footnotes":""},"categories":[1],"tags":[],"_links":{"self":[{"href":"https:\/\/blog.polityka.pl\/adamczewski\/wp-json\/wp\/v2\/posts\/10113"}],"collection":[{"href":"https:\/\/blog.polityka.pl\/adamczewski\/wp-json\/wp\/v2\/posts"}],"about":[{"href":"https:\/\/blog.polityka.pl\/adamczewski\/wp-json\/wp\/v2\/types\/post"}],"author":[{"embeddable":true,"href":"https:\/\/blog.polityka.pl\/adamczewski\/wp-json\/wp\/v2\/users\/2"}],"replies":[{"embeddable":true,"href":"https:\/\/blog.polityka.pl\/adamczewski\/wp-json\/wp\/v2\/comments?post=10113"}],"version-history":[{"count":0,"href":"https:\/\/blog.polityka.pl\/adamczewski\/wp-json\/wp\/v2\/posts\/10113\/revisions"}],"wp:attachment":[{"href":"https:\/\/blog.polityka.pl\/adamczewski\/wp-json\/wp\/v2\/media?parent=10113"}],"wp:term":[{"taxonomy":"category","embeddable":true,"href":"https:\/\/blog.polityka.pl\/adamczewski\/wp-json\/wp\/v2\/categories?post=10113"},{"taxonomy":"post_tag","embeddable":true,"href":"https:\/\/blog.polityka.pl\/adamczewski\/wp-json\/wp\/v2\/tags?post=10113"}],"curies":[{"name":"wp","href":"https:\/\/api.w.org\/{rel}","templated":true}]}}