
{"id":10115,"date":"2009-01-18T10:58:07","date_gmt":"2009-01-18T09:58:07","guid":{"rendered":"http:\/\/adamczewscy.pl\/?p=2299"},"modified":"2009-01-18T10:58:07","modified_gmt":"2009-01-18T09:58:07","slug":"salatka-z-rzodkiewki-i-pomaranczy","status":"publish","type":"post","link":"https:\/\/blog.polityka.pl\/adamczewski\/2009\/01\/18\/salatka-z-rzodkiewki-i-pomaranczy\/","title":{"rendered":"Sa\u0142atka z rzodkiewki i pomara\u0144czy"},"content":{"rendered":"<p><em>P\u0119czek rzodkiewek, 2 du\u017ce pomara\u0144cze, p\u00f3\u0142 czerwonej cebuli, 3 \u0142y\u017cki oliwek bez pestek (najlepiej czarnych, ale mog\u0105 te\u017c by\u0107 zielone), \u0142y\u017cka siekanej zielonej pietruszki.<br \/>\nNa sos: \u0142y\u017ceczka musztardy, z\u0105bek czosnku, 2 \u0142y\u017cki octu balsamicznego lub soku z cytryny, 6 \u0142y\u017cek dobrego oleju, najlepszy jest olej z pestek winogron, do smaku s\u00f3l, cukier i pieprz.\u00a0<\/em><\/p>\n<p>1. Obra\u0107 pomara\u0144cze, usun\u0105\u0107 tak\u017ce starannie bia\u0142\u0105 cz\u0119\u015b\u0107 sk\u00f3rki, pokroi\u0107 owoce na cienkie p\u00f3\u0142plasterki.<br \/>\n2. Rzodkiewki pokroi\u0107 w cienkie plasterki.<br \/>\n3. Cebul\u0119 drobno posieka\u0107.<br \/>\n4. Wymiesza\u0107 wszystkie sk\u0142adniki sosu w s\u0142oiku z zakr\u0119tk\u0105.<br \/>\n5. Wymiesza\u0107 pomara\u0144cze, cebul\u0119 i rzodkiewki oraz oliwki, doprawi\u0107 sosem, wymiesza\u0107 sa\u0142atk\u0119, posypa\u0107 po wierzchu siekana zielona pietruszk\u0105.<\/p>\n","protected":false},"excerpt":{"rendered":"<p>P\u0119czek rzodkiewek, 2 du\u017ce pomara\u0144cze, p\u00f3\u0142 czerwonej cebuli, 3 \u0142y\u017cki oliwek bez pestek (najlepiej czarnych, ale mog\u0105 te\u017c by\u0107 zielone), \u0142y\u017cka siekanej zielonej pietruszki. Na sos: \u0142y\u017ceczka musztardy, z\u0105bek czosnku, 2 \u0142y\u017cki octu balsamicznego lub soku z cytryny, 6 \u0142y\u017cek dobrego oleju, najlepszy jest olej z pestek winogron, do smaku s\u00f3l, cukier i pieprz.\u00a0 1. [&hellip;]<\/p>\n","protected":false},"author":2,"featured_media":0,"comment_status":"open","ping_status":"open","sticky":false,"template":"","format":"standard","meta":{"footnotes":""},"categories":[1],"tags":[],"_links":{"self":[{"href":"https:\/\/blog.polityka.pl\/adamczewski\/wp-json\/wp\/v2\/posts\/10115"}],"collection":[{"href":"https:\/\/blog.polityka.pl\/adamczewski\/wp-json\/wp\/v2\/posts"}],"about":[{"href":"https:\/\/blog.polityka.pl\/adamczewski\/wp-json\/wp\/v2\/types\/post"}],"author":[{"embeddable":true,"href":"https:\/\/blog.polityka.pl\/adamczewski\/wp-json\/wp\/v2\/users\/2"}],"replies":[{"embeddable":true,"href":"https:\/\/blog.polityka.pl\/adamczewski\/wp-json\/wp\/v2\/comments?post=10115"}],"version-history":[{"count":0,"href":"https:\/\/blog.polityka.pl\/adamczewski\/wp-json\/wp\/v2\/posts\/10115\/revisions"}],"wp:attachment":[{"href":"https:\/\/blog.polityka.pl\/adamczewski\/wp-json\/wp\/v2\/media?parent=10115"}],"wp:term":[{"taxonomy":"category","embeddable":true,"href":"https:\/\/blog.polityka.pl\/adamczewski\/wp-json\/wp\/v2\/categories?post=10115"},{"taxonomy":"post_tag","embeddable":true,"href":"https:\/\/blog.polityka.pl\/adamczewski\/wp-json\/wp\/v2\/tags?post=10115"}],"curies":[{"name":"wp","href":"https:\/\/api.w.org\/{rel}","templated":true}]}}