
{"id":10120,"date":"2009-01-25T18:01:00","date_gmt":"2009-01-25T17:01:00","guid":{"rendered":"http:\/\/adamczewscy.pl\/?p=2309"},"modified":"2009-01-25T18:01:00","modified_gmt":"2009-01-25T17:01:00","slug":"zupa-pomidorowo-selerowa","status":"publish","type":"post","link":"https:\/\/blog.polityka.pl\/adamczewski\/2009\/01\/25\/zupa-pomidorowo-selerowa\/","title":{"rendered":"Zupa pomidorowo-selerowa"},"content":{"rendered":"<p><em>Puszka krojonych pomidor\u00f3w, \u015bredni seler, \u0142y\u017cka mas\u0142a, marchew, pietruszka, por , 2 cebule, kostka roso\u0142u ciel\u0119cego lub drobiowego, s\u00f3l, pieprz cukier do smaku, na koniec \u0142y\u017ceczki suszonego cz\u0105bru.\u00a0<\/em><\/p>\n<p>1. Rozgrza\u0107 w garnku \u0142y\u017ck\u0119 mas\u0142a, doda\u0107 posiekan\u0105 jedn\u0105 cebul\u0119 i chwil\u0119 dusi\u0107, doda\u0107 pomidory z puszki i starty na tarce lub drobno pokrojony seler. Dusi\u0107 pod przykryciem co najmniej 20 minut.<br \/>\n2. Marchew, pietruszk\u0119, cebul\u0119 i por umy\u0107, pokroi\u0107 na kawa\u0142ki i ugotowa\u0107 wraz z 3 szklankami wody. Wywar przecedzi\u0107, zala\u0107 nim uduszone pomidory z selerem, zmiksowa\u0107 zup\u0119, doprawi\u0107 sol\u0105, cukrem, pieprzem i cz\u0105brem do smaku.<br \/>\nZup\u0119 mo\u017cna zaprawi\u0107 tak\u017ce kilkoma \u0142y\u017ckami jogurtu naturalnego lub s\u0142odkiego mleka. Jako dodatek doskonale smakuj\u0105 s\u0142one paluszki lub grzanki.<\/p>\n","protected":false},"excerpt":{"rendered":"<p>Puszka krojonych pomidor\u00f3w, \u015bredni seler, \u0142y\u017cka mas\u0142a, marchew, pietruszka, por , 2 cebule, kostka roso\u0142u ciel\u0119cego lub drobiowego, s\u00f3l, pieprz cukier do smaku, na koniec \u0142y\u017ceczki suszonego cz\u0105bru.\u00a0 1. Rozgrza\u0107 w garnku \u0142y\u017ck\u0119 mas\u0142a, doda\u0107 posiekan\u0105 jedn\u0105 cebul\u0119 i chwil\u0119 dusi\u0107, doda\u0107 pomidory z puszki i starty na tarce lub drobno pokrojony seler. Dusi\u0107 pod [&hellip;]<\/p>\n","protected":false},"author":2,"featured_media":0,"comment_status":"open","ping_status":"open","sticky":false,"template":"","format":"standard","meta":{"footnotes":""},"categories":[1],"tags":[],"_links":{"self":[{"href":"https:\/\/blog.polityka.pl\/adamczewski\/wp-json\/wp\/v2\/posts\/10120"}],"collection":[{"href":"https:\/\/blog.polityka.pl\/adamczewski\/wp-json\/wp\/v2\/posts"}],"about":[{"href":"https:\/\/blog.polityka.pl\/adamczewski\/wp-json\/wp\/v2\/types\/post"}],"author":[{"embeddable":true,"href":"https:\/\/blog.polityka.pl\/adamczewski\/wp-json\/wp\/v2\/users\/2"}],"replies":[{"embeddable":true,"href":"https:\/\/blog.polityka.pl\/adamczewski\/wp-json\/wp\/v2\/comments?post=10120"}],"version-history":[{"count":0,"href":"https:\/\/blog.polityka.pl\/adamczewski\/wp-json\/wp\/v2\/posts\/10120\/revisions"}],"wp:attachment":[{"href":"https:\/\/blog.polityka.pl\/adamczewski\/wp-json\/wp\/v2\/media?parent=10120"}],"wp:term":[{"taxonomy":"category","embeddable":true,"href":"https:\/\/blog.polityka.pl\/adamczewski\/wp-json\/wp\/v2\/categories?post=10120"},{"taxonomy":"post_tag","embeddable":true,"href":"https:\/\/blog.polityka.pl\/adamczewski\/wp-json\/wp\/v2\/tags?post=10120"}],"curies":[{"name":"wp","href":"https:\/\/api.w.org\/{rel}","templated":true}]}}