
{"id":10125,"date":"2009-01-25T18:06:02","date_gmt":"2009-01-25T17:06:02","guid":{"rendered":"http:\/\/adamczewscy.pl\/?p=2314"},"modified":"2009-01-25T18:06:02","modified_gmt":"2009-01-25T17:06:02","slug":"kalafior-w-pomidorowym-sosie","status":"publish","type":"post","link":"https:\/\/blog.polityka.pl\/adamczewski\/2009\/01\/25\/kalafior-w-pomidorowym-sosie\/","title":{"rendered":"Kalafior w pomidorowym sosie"},"content":{"rendered":"<p><em>\u015aredni kalafior, 4 \u0142y\u017cki oleju, 2 \u0142y\u017cki mas\u0142a, z\u0105bek czosnku, 2 \u0142y\u017cki posiekanych grubo orzech\u00f3w laskowych, 2 \u0142y\u017cki koncentratu pomidorowego, 2 \u0142y\u017cki zielonej pietruszki, 2 \u0142y\u017cki startego \u017c\u00f3\u0142tego sera.\u00a0<\/em><\/p>\n<p>1. Kalafior podzieli\u0107 na niedu\u017ce r\u00f3\u017cyczki, umy\u0107 i osuszy\u0107.<br \/>\n2. W rondlu rozpu\u015bci\u0107 mas\u0142o z olejem, podsma\u017cy\u0107 na nim posiekany lub przeci\u015bni\u0119ty przez prask\u0119 czosnek, doda\u0107 orzechy i sma\u017cy\u0107 jeszcze chwil\u0119.<br \/>\n3. Doda\u0107 cz\u0105stki kalafiora, posiekan\u0105 zielon\u0105 pietruszk\u0119, 5 minut razem dusi\u0107 po czym doda\u0107 wymieszany ze szklank\u0105 wody przecier pomidorowy i gotowa\u0107 na ma\u0142ym ogniu 20-25 minut.<br \/>\n4. Gotowe danie posypa\u0107 startym \u017c\u00f3\u0142tym serem.<\/p>\n","protected":false},"excerpt":{"rendered":"<p>\u015aredni kalafior, 4 \u0142y\u017cki oleju, 2 \u0142y\u017cki mas\u0142a, z\u0105bek czosnku, 2 \u0142y\u017cki posiekanych grubo orzech\u00f3w laskowych, 2 \u0142y\u017cki koncentratu pomidorowego, 2 \u0142y\u017cki zielonej pietruszki, 2 \u0142y\u017cki startego \u017c\u00f3\u0142tego sera.\u00a0 1. Kalafior podzieli\u0107 na niedu\u017ce r\u00f3\u017cyczki, umy\u0107 i osuszy\u0107. 2. W rondlu rozpu\u015bci\u0107 mas\u0142o z olejem, podsma\u017cy\u0107 na nim posiekany lub przeci\u015bni\u0119ty przez prask\u0119 czosnek, doda\u0107 [&hellip;]<\/p>\n","protected":false},"author":2,"featured_media":0,"comment_status":"open","ping_status":"open","sticky":false,"template":"","format":"standard","meta":{"footnotes":""},"categories":[1],"tags":[],"_links":{"self":[{"href":"https:\/\/blog.polityka.pl\/adamczewski\/wp-json\/wp\/v2\/posts\/10125"}],"collection":[{"href":"https:\/\/blog.polityka.pl\/adamczewski\/wp-json\/wp\/v2\/posts"}],"about":[{"href":"https:\/\/blog.polityka.pl\/adamczewski\/wp-json\/wp\/v2\/types\/post"}],"author":[{"embeddable":true,"href":"https:\/\/blog.polityka.pl\/adamczewski\/wp-json\/wp\/v2\/users\/2"}],"replies":[{"embeddable":true,"href":"https:\/\/blog.polityka.pl\/adamczewski\/wp-json\/wp\/v2\/comments?post=10125"}],"version-history":[{"count":0,"href":"https:\/\/blog.polityka.pl\/adamczewski\/wp-json\/wp\/v2\/posts\/10125\/revisions"}],"wp:attachment":[{"href":"https:\/\/blog.polityka.pl\/adamczewski\/wp-json\/wp\/v2\/media?parent=10125"}],"wp:term":[{"taxonomy":"category","embeddable":true,"href":"https:\/\/blog.polityka.pl\/adamczewski\/wp-json\/wp\/v2\/categories?post=10125"},{"taxonomy":"post_tag","embeddable":true,"href":"https:\/\/blog.polityka.pl\/adamczewski\/wp-json\/wp\/v2\/tags?post=10125"}],"curies":[{"name":"wp","href":"https:\/\/api.w.org\/{rel}","templated":true}]}}