
{"id":10128,"date":"2009-02-01T19:57:04","date_gmt":"2009-02-01T18:57:04","guid":{"rendered":"http:\/\/adamczewscy.pl\/?p=2321"},"modified":"2009-02-01T19:57:04","modified_gmt":"2009-02-01T18:57:04","slug":"zurek-kielecki","status":"publish","type":"post","link":"https:\/\/blog.polityka.pl\/adamczewski\/2009\/02\/01\/zurek-kielecki\/","title":{"rendered":"\u017burek kielecki"},"content":{"rendered":"<p><em>40-50 dag \u017ceberek lub ko\u015bci schabowych, 2 marchwie, pietruszka, kawa\u0142ek selera, por, cebula, 15-20 dag w\u0119dzonej kie\u0142basy, 2 szklanki kwasu od og\u00f3rk\u00f3w, p\u00f3\u0142 szklanki \u015bmietany, \u0142y\u017cka posiekanego koperku. Jako dodatek- ziemniaki z wody okraszone stopion\u0105 s\u0142onin\u0105.\u00a0<\/em><\/p>\n<p>1. Ugotowa\u0107 wywar z \u017ceberek lub schabowych ko\u015bci z marchwi\u0105, pietruszk\u0105, selerem, porem i cebul\u0105.<br \/>\n2. 4 szklanki ugotowanego wywaru przecedzi\u0107, wla\u0107 do garnka, doda\u0107 kwas z og\u00f3rk\u00f3w i pokrojon\u0105 na kawa\u0142ki kie\u0142bas\u0119. Zagotowa\u0107. Doprawi\u0107 zup\u0119 sol\u0105, pieprzem, odrobin\u0105 cukru oraz \u015bmietan\u0105,  posypa\u0107 siekanym koperkiem.<br \/>\nPodawa\u0107 zup\u0119 z ugotowanymi ziemniakami okraszonymi stopiona s\u0142onin\u0105.<\/p>\n","protected":false},"excerpt":{"rendered":"<p>40-50 dag \u017ceberek lub ko\u015bci schabowych, 2 marchwie, pietruszka, kawa\u0142ek selera, por, cebula, 15-20 dag w\u0119dzonej kie\u0142basy, 2 szklanki kwasu od og\u00f3rk\u00f3w, p\u00f3\u0142 szklanki \u015bmietany, \u0142y\u017cka posiekanego koperku. Jako dodatek- ziemniaki z wody okraszone stopion\u0105 s\u0142onin\u0105.\u00a0 1. Ugotowa\u0107 wywar z \u017ceberek lub schabowych ko\u015bci z marchwi\u0105, pietruszk\u0105, selerem, porem i cebul\u0105. 2. 4 szklanki ugotowanego [&hellip;]<\/p>\n","protected":false},"author":2,"featured_media":0,"comment_status":"open","ping_status":"open","sticky":false,"template":"","format":"standard","meta":{"footnotes":""},"categories":[1],"tags":[],"_links":{"self":[{"href":"https:\/\/blog.polityka.pl\/adamczewski\/wp-json\/wp\/v2\/posts\/10128"}],"collection":[{"href":"https:\/\/blog.polityka.pl\/adamczewski\/wp-json\/wp\/v2\/posts"}],"about":[{"href":"https:\/\/blog.polityka.pl\/adamczewski\/wp-json\/wp\/v2\/types\/post"}],"author":[{"embeddable":true,"href":"https:\/\/blog.polityka.pl\/adamczewski\/wp-json\/wp\/v2\/users\/2"}],"replies":[{"embeddable":true,"href":"https:\/\/blog.polityka.pl\/adamczewski\/wp-json\/wp\/v2\/comments?post=10128"}],"version-history":[{"count":0,"href":"https:\/\/blog.polityka.pl\/adamczewski\/wp-json\/wp\/v2\/posts\/10128\/revisions"}],"wp:attachment":[{"href":"https:\/\/blog.polityka.pl\/adamczewski\/wp-json\/wp\/v2\/media?parent=10128"}],"wp:term":[{"taxonomy":"category","embeddable":true,"href":"https:\/\/blog.polityka.pl\/adamczewski\/wp-json\/wp\/v2\/categories?post=10128"},{"taxonomy":"post_tag","embeddable":true,"href":"https:\/\/blog.polityka.pl\/adamczewski\/wp-json\/wp\/v2\/tags?post=10128"}],"curies":[{"name":"wp","href":"https:\/\/api.w.org\/{rel}","templated":true}]}}