
{"id":10130,"date":"2009-02-01T20:03:47","date_gmt":"2009-02-01T19:03:47","guid":{"rendered":"http:\/\/adamczewscy.pl\/?p=2325"},"modified":"2009-02-01T20:03:47","modified_gmt":"2009-02-01T19:03:47","slug":"rolada-ziemniaczana-z-nadzieniem-z-czerwonej-fasoli","status":"publish","type":"post","link":"https:\/\/blog.polityka.pl\/adamczewski\/2009\/02\/01\/rolada-ziemniaczana-z-nadzieniem-z-czerwonej-fasoli\/","title":{"rendered":"Rolada ziemniaczana z nadzieniem z czerwonej fasoli"},"content":{"rendered":"<p><em>1 kg ziemniak\u00f3w, 2 \u0142y\u017cki m\u0105ki pszennej, 5 \u0142y\u017cek kaszy manny, 3 jajka, s\u00f3l, pieprz.<br \/>\nNa nadzienie: p\u00f3\u0142kilogramowa puszka konserwowej czerwonej fasoli, 4 \u0142y\u017cki koncentratu pomidorowego, 15 dag sera feta, 2 z\u0105bki czosnku, niedu\u017ca cebula lub 2 dymki, s\u00f3l, pieprz<\/em><\/p>\n<p>1. Ugotowa\u0107 obrane ziemniaki, odcedzi\u0107, ut\u0142uc, ostudzi\u0107.<br \/>\n2. Do ch\u0142odnych ziemniak\u00f3w doda\u0107 m\u0105k\u0119, kasz\u0119 mann\u0119, jaja, s\u00f3l i pieprz, zagnie\u015b\u0107 g\u0142adkie ciasto.<br \/>\nRozwa\u0142kowa\u0107 ciasto na prostok\u0105t o szeroko\u015bci r\u00f3wnej wielko\u015bci blaszki.<br \/>\n3. Fasol\u0119 odcedzi\u0107 z zalewy, czosnek przecisn\u0105\u0107 przez prask\u0119, cebul\u0119 posieka\u0107, fet\u0119 pokruszy\u0107 na drobne okruchy widelcem lub zetrze\u0107 na tarce.<br \/>\n4. Rozwa\u0142kowane ciasto ziemniaczane posmarowa\u0107 koncentratem pomidorowym, u\u0142o\u017cy\u0107 na nim fasol\u0119, czosnek, posiekan\u0105 drobno cebul\u0119 lub dymk\u0119 oraz rozdrobniona fet\u0119. Zwin\u0105\u0107 jak makowiec.<br \/>\n5. Posmarowa\u0107 rolad\u0119 obficie rozpuszczonym mas\u0142em i wstawi\u0107 do piekarnika. Piec w temperaturze 200 st C oko\u0142o 40 minut.<\/p>\n","protected":false},"excerpt":{"rendered":"<p>1 kg ziemniak\u00f3w, 2 \u0142y\u017cki m\u0105ki pszennej, 5 \u0142y\u017cek kaszy manny, 3 jajka, s\u00f3l, pieprz. Na nadzienie: p\u00f3\u0142kilogramowa puszka konserwowej czerwonej fasoli, 4 \u0142y\u017cki koncentratu pomidorowego, 15 dag sera feta, 2 z\u0105bki czosnku, niedu\u017ca cebula lub 2 dymki, s\u00f3l, pieprz 1. Ugotowa\u0107 obrane ziemniaki, odcedzi\u0107, ut\u0142uc, ostudzi\u0107. 2. Do ch\u0142odnych ziemniak\u00f3w doda\u0107 m\u0105k\u0119, kasz\u0119 mann\u0119, [&hellip;]<\/p>\n","protected":false},"author":2,"featured_media":0,"comment_status":"open","ping_status":"open","sticky":false,"template":"","format":"standard","meta":{"footnotes":""},"categories":[1],"tags":[],"_links":{"self":[{"href":"https:\/\/blog.polityka.pl\/adamczewski\/wp-json\/wp\/v2\/posts\/10130"}],"collection":[{"href":"https:\/\/blog.polityka.pl\/adamczewski\/wp-json\/wp\/v2\/posts"}],"about":[{"href":"https:\/\/blog.polityka.pl\/adamczewski\/wp-json\/wp\/v2\/types\/post"}],"author":[{"embeddable":true,"href":"https:\/\/blog.polityka.pl\/adamczewski\/wp-json\/wp\/v2\/users\/2"}],"replies":[{"embeddable":true,"href":"https:\/\/blog.polityka.pl\/adamczewski\/wp-json\/wp\/v2\/comments?post=10130"}],"version-history":[{"count":0,"href":"https:\/\/blog.polityka.pl\/adamczewski\/wp-json\/wp\/v2\/posts\/10130\/revisions"}],"wp:attachment":[{"href":"https:\/\/blog.polityka.pl\/adamczewski\/wp-json\/wp\/v2\/media?parent=10130"}],"wp:term":[{"taxonomy":"category","embeddable":true,"href":"https:\/\/blog.polityka.pl\/adamczewski\/wp-json\/wp\/v2\/categories?post=10130"},{"taxonomy":"post_tag","embeddable":true,"href":"https:\/\/blog.polityka.pl\/adamczewski\/wp-json\/wp\/v2\/tags?post=10130"}],"curies":[{"name":"wp","href":"https:\/\/api.w.org\/{rel}","templated":true}]}}