
{"id":10131,"date":"2009-02-01T20:04:34","date_gmt":"2009-02-01T19:04:34","guid":{"rendered":"http:\/\/adamczewscy.pl\/?p=2326"},"modified":"2009-02-01T20:04:34","modified_gmt":"2009-02-01T19:04:34","slug":"kotlety-wieprzowe-w-paprykowym-sosie","status":"publish","type":"post","link":"https:\/\/blog.polityka.pl\/adamczewski\/2009\/02\/01\/kotlety-wieprzowe-w-paprykowym-sosie\/","title":{"rendered":"Kotlety wieprzowe w paprykowym sosie"},"content":{"rendered":"<p><em>4-6 kotlet\u00f3w schabowych bez ko\u015bci, 2 \u0142y\u017cki mas\u0142a i 2 \u0142y\u017cki oliwy z oliwek, 2 z\u0105bki czosnku, ma\u0142a cukinia, czerwona, zielona i \u017c\u00f3\u0142ta papryka, \u0142y\u017ceczka suszonego tymianku i \u0142y\u017ceczka suszonego estragonu, s\u00f3l, pieprz.\u00a0<\/em><\/p>\n<p>1. Kotlety zbi\u0107, posypa\u0107 sol\u0105 i pieprzem.<br \/>\n2. Wszystkie str\u0105ki papryki poczy\u015bci\u0107 z gniazd nasiennych i pokroi\u0107 w drobn\u0105 kostk\u0119. Cukini\u0119 obra\u0107 i pokroi\u0107 w plasterki.<br \/>\n3. Kotlety usma\u017cy\u0107, u\u0142o\u017cy\u0107 na p\u00f3\u0142misku i utrzymywa\u0107 w cieple.<br \/>\n4. Na pozosta\u0142y t\u0142uszcz wrzuci\u0107 pokrojon\u0105 papryk\u0119 i cukini\u0119 oraz wcisn\u0105\u0107 przez prask\u0119 czosnek, posypa\u0107 tymiankiem i estragonem, sma\u017cy\u0107 wszystko razem 5 minut. Wy\u0142o\u017cy\u0107 warzywny sos na kotlety.<\/p>\n","protected":false},"excerpt":{"rendered":"<p>4-6 kotlet\u00f3w schabowych bez ko\u015bci, 2 \u0142y\u017cki mas\u0142a i 2 \u0142y\u017cki oliwy z oliwek, 2 z\u0105bki czosnku, ma\u0142a cukinia, czerwona, zielona i \u017c\u00f3\u0142ta papryka, \u0142y\u017ceczka suszonego tymianku i \u0142y\u017ceczka suszonego estragonu, s\u00f3l, pieprz.\u00a0 1. Kotlety zbi\u0107, posypa\u0107 sol\u0105 i pieprzem. 2. Wszystkie str\u0105ki papryki poczy\u015bci\u0107 z gniazd nasiennych i pokroi\u0107 w drobn\u0105 kostk\u0119. Cukini\u0119 obra\u0107 [&hellip;]<\/p>\n","protected":false},"author":2,"featured_media":0,"comment_status":"open","ping_status":"open","sticky":false,"template":"","format":"standard","meta":{"footnotes":""},"categories":[1],"tags":[],"_links":{"self":[{"href":"https:\/\/blog.polityka.pl\/adamczewski\/wp-json\/wp\/v2\/posts\/10131"}],"collection":[{"href":"https:\/\/blog.polityka.pl\/adamczewski\/wp-json\/wp\/v2\/posts"}],"about":[{"href":"https:\/\/blog.polityka.pl\/adamczewski\/wp-json\/wp\/v2\/types\/post"}],"author":[{"embeddable":true,"href":"https:\/\/blog.polityka.pl\/adamczewski\/wp-json\/wp\/v2\/users\/2"}],"replies":[{"embeddable":true,"href":"https:\/\/blog.polityka.pl\/adamczewski\/wp-json\/wp\/v2\/comments?post=10131"}],"version-history":[{"count":0,"href":"https:\/\/blog.polityka.pl\/adamczewski\/wp-json\/wp\/v2\/posts\/10131\/revisions"}],"wp:attachment":[{"href":"https:\/\/blog.polityka.pl\/adamczewski\/wp-json\/wp\/v2\/media?parent=10131"}],"wp:term":[{"taxonomy":"category","embeddable":true,"href":"https:\/\/blog.polityka.pl\/adamczewski\/wp-json\/wp\/v2\/categories?post=10131"},{"taxonomy":"post_tag","embeddable":true,"href":"https:\/\/blog.polityka.pl\/adamczewski\/wp-json\/wp\/v2\/tags?post=10131"}],"curies":[{"name":"wp","href":"https:\/\/api.w.org\/{rel}","templated":true}]}}