
{"id":10132,"date":"2009-02-01T20:05:23","date_gmt":"2009-02-01T19:05:23","guid":{"rendered":"http:\/\/adamczewscy.pl\/?p=2327"},"modified":"2009-02-01T20:05:23","modified_gmt":"2009-02-01T19:05:23","slug":"omlet-z-owocami","status":"publish","type":"post","link":"https:\/\/blog.polityka.pl\/adamczewski\/2009\/02\/01\/omlet-z-owocami\/","title":{"rendered":"Omlet z owocami"},"content":{"rendered":"<p><em>3 jajka, 3 \u0142y\u017cki m\u0105ki,  3 \u0142y\u017cki cukru, \u0142y\u017cka mas\u0142a. Na nadzienie: grapefruit (lub 2 pomara\u0144cze), \u0142y\u017cka cukru, na czubek \u0142y\u017ceczki cynamonu,  szklanka jogurtu naturalnego.<\/em><\/p>\n<p>1. Ubic sztywna pian\u0119 z bia\u0142ek dodaj\u0105c pod koniec cukier. Po ubiciu piany doda\u0107 do niej m\u0105k\u0119 i \u017c\u00f3\u0142tka, starannie lecz delikatnie wymiesza\u0107.<br \/>\n2. Na du\u017cej patelni rozgrza\u0107 mas\u0142o, wyla\u0107 mas\u0119 omletow\u0105, sma\u017cy\u0107 pod przykryciem z obu stron.<br \/>\n3. Grapefruita (lub pomara\u0144cze) obra\u0107 z wierzchniej sk\u00f3rki, podzieli\u0107 na cz\u0105stki i ka\u017cd\u0105 obra\u0107 z b\u0142onki. Owoce posypa\u0107 \u0142y\u017ck\u0105 cukru i cynamonem.<br \/>\n4. Na po\u0142\u00f3wce omleta u\u0142o\u017cy\u0107 owoce, przykry\u0107 drug\u0105 po\u0142\u00f3wk\u0105 i podawa\u0107 z wymieszanym z cukrem jogurtem naturalnym.<\/p>\n","protected":false},"excerpt":{"rendered":"<p>3 jajka, 3 \u0142y\u017cki m\u0105ki, 3 \u0142y\u017cki cukru, \u0142y\u017cka mas\u0142a. Na nadzienie: grapefruit (lub 2 pomara\u0144cze), \u0142y\u017cka cukru, na czubek \u0142y\u017ceczki cynamonu, szklanka jogurtu naturalnego. 1. Ubic sztywna pian\u0119 z bia\u0142ek dodaj\u0105c pod koniec cukier. Po ubiciu piany doda\u0107 do niej m\u0105k\u0119 i \u017c\u00f3\u0142tka, starannie lecz delikatnie wymiesza\u0107. 2. Na du\u017cej patelni rozgrza\u0107 mas\u0142o, wyla\u0107 [&hellip;]<\/p>\n","protected":false},"author":2,"featured_media":0,"comment_status":"open","ping_status":"open","sticky":false,"template":"","format":"standard","meta":{"footnotes":""},"categories":[1],"tags":[],"_links":{"self":[{"href":"https:\/\/blog.polityka.pl\/adamczewski\/wp-json\/wp\/v2\/posts\/10132"}],"collection":[{"href":"https:\/\/blog.polityka.pl\/adamczewski\/wp-json\/wp\/v2\/posts"}],"about":[{"href":"https:\/\/blog.polityka.pl\/adamczewski\/wp-json\/wp\/v2\/types\/post"}],"author":[{"embeddable":true,"href":"https:\/\/blog.polityka.pl\/adamczewski\/wp-json\/wp\/v2\/users\/2"}],"replies":[{"embeddable":true,"href":"https:\/\/blog.polityka.pl\/adamczewski\/wp-json\/wp\/v2\/comments?post=10132"}],"version-history":[{"count":0,"href":"https:\/\/blog.polityka.pl\/adamczewski\/wp-json\/wp\/v2\/posts\/10132\/revisions"}],"wp:attachment":[{"href":"https:\/\/blog.polityka.pl\/adamczewski\/wp-json\/wp\/v2\/media?parent=10132"}],"wp:term":[{"taxonomy":"category","embeddable":true,"href":"https:\/\/blog.polityka.pl\/adamczewski\/wp-json\/wp\/v2\/categories?post=10132"},{"taxonomy":"post_tag","embeddable":true,"href":"https:\/\/blog.polityka.pl\/adamczewski\/wp-json\/wp\/v2\/tags?post=10132"}],"curies":[{"name":"wp","href":"https:\/\/api.w.org\/{rel}","templated":true}]}}