
{"id":10133,"date":"2009-02-01T20:08:46","date_gmt":"2009-02-01T19:08:46","guid":{"rendered":"http:\/\/adamczewscy.pl\/?p=2329"},"modified":"2009-02-01T20:08:46","modified_gmt":"2009-02-01T19:08:46","slug":"pieczen-rzymska-z-watrobka","status":"publish","type":"post","link":"https:\/\/blog.polityka.pl\/adamczewski\/2009\/02\/01\/pieczen-rzymska-z-watrobka\/","title":{"rendered":"Piecze\u0144 rzymska z w\u0105tr\u00f3bk\u0105"},"content":{"rendered":"<p><em>15 dag  w\u0105tr\u00f3bki wieprzowej lub ciel\u0119cej (ew. drobiowej), 50 dag mielonego mi\u0119sa wieprzowego, cebula, czerstwa kajzerka, \u0142y\u017ceczka francuskiej musztardy, s\u00f3l, pieprz, \u0142y\u017cka sosu Worcester, szklanka i p\u00f3\u0142 szklanki bulionu drobiowego z kostki, 2 \u0142y\u017cki m\u0105ki, p\u00f3\u0142 szklanki \u015bmietany.\u00a0<\/em><\/p>\n<p>1. Namoczy\u0107 kajzerk\u0119, wycisn\u0105\u0107, rozdrobni\u0107 widelcem.<br \/>\n2. W\u0105tr\u00f3bk\u0119 pokroi\u0107 w kostk\u0119. Cebul\u0119 bardzo drobno posieka\u0107.<br \/>\n3. Wymiesza\u0107 mi\u0119so z w\u0105tr\u00f3bk\u0105, musztard\u0105, rozdrobnion\u0105 kajzerk\u0105, doda\u0107 pieprz, s\u00f3l oraz sos Worcester. Dok\u0142adnie wyrobi\u0107 mas\u0119.<br \/>\n4. Uformowa\u0107 pod\u0142u\u017cn\u0105 piecze\u0144, piec w piekarniku o temperaturze 180 st C polewa\u0107 w czasie pieczenia bulionem. Pieczenie powinno trwa\u0107 oko\u0142o godziny.<br \/>\n5. Sos spod pieczeni wymiesza\u0107 ze \u015bmietana i bulionem, gotowa\u0107 10 minut. Poda\u0107 w sosjerce.<\/p>\n","protected":false},"excerpt":{"rendered":"<p>15 dag w\u0105tr\u00f3bki wieprzowej lub ciel\u0119cej (ew. drobiowej), 50 dag mielonego mi\u0119sa wieprzowego, cebula, czerstwa kajzerka, \u0142y\u017ceczka francuskiej musztardy, s\u00f3l, pieprz, \u0142y\u017cka sosu Worcester, szklanka i p\u00f3\u0142 szklanki bulionu drobiowego z kostki, 2 \u0142y\u017cki m\u0105ki, p\u00f3\u0142 szklanki \u015bmietany.\u00a0 1. Namoczy\u0107 kajzerk\u0119, wycisn\u0105\u0107, rozdrobni\u0107 widelcem. 2. W\u0105tr\u00f3bk\u0119 pokroi\u0107 w kostk\u0119. Cebul\u0119 bardzo drobno posieka\u0107. 3. Wymiesza\u0107 [&hellip;]<\/p>\n","protected":false},"author":2,"featured_media":0,"comment_status":"open","ping_status":"open","sticky":false,"template":"","format":"standard","meta":{"footnotes":""},"categories":[1],"tags":[],"_links":{"self":[{"href":"https:\/\/blog.polityka.pl\/adamczewski\/wp-json\/wp\/v2\/posts\/10133"}],"collection":[{"href":"https:\/\/blog.polityka.pl\/adamczewski\/wp-json\/wp\/v2\/posts"}],"about":[{"href":"https:\/\/blog.polityka.pl\/adamczewski\/wp-json\/wp\/v2\/types\/post"}],"author":[{"embeddable":true,"href":"https:\/\/blog.polityka.pl\/adamczewski\/wp-json\/wp\/v2\/users\/2"}],"replies":[{"embeddable":true,"href":"https:\/\/blog.polityka.pl\/adamczewski\/wp-json\/wp\/v2\/comments?post=10133"}],"version-history":[{"count":0,"href":"https:\/\/blog.polityka.pl\/adamczewski\/wp-json\/wp\/v2\/posts\/10133\/revisions"}],"wp:attachment":[{"href":"https:\/\/blog.polityka.pl\/adamczewski\/wp-json\/wp\/v2\/media?parent=10133"}],"wp:term":[{"taxonomy":"category","embeddable":true,"href":"https:\/\/blog.polityka.pl\/adamczewski\/wp-json\/wp\/v2\/categories?post=10133"},{"taxonomy":"post_tag","embeddable":true,"href":"https:\/\/blog.polityka.pl\/adamczewski\/wp-json\/wp\/v2\/tags?post=10133"}],"curies":[{"name":"wp","href":"https:\/\/api.w.org\/{rel}","templated":true}]}}