
{"id":10134,"date":"2009-02-08T21:16:40","date_gmt":"2009-02-08T20:16:40","guid":{"rendered":"http:\/\/adamczewscy.pl\/?p=2332"},"modified":"2009-02-08T21:16:40","modified_gmt":"2009-02-08T20:16:40","slug":"salatka-zamiast-zupy","status":"publish","type":"post","link":"https:\/\/blog.polityka.pl\/adamczewski\/2009\/02\/08\/salatka-zamiast-zupy\/","title":{"rendered":"Sa\u0142atka zamiast zupy"},"content":{"rendered":"<p><em>4 winne jab\u0142ka, 4 \u0142odygi selera naciowego, 20 dag sera cheddar lub wed\u0142ug gustu \u0142agodniejszego, na przyk\u0142ad ementalera), sok z po\u0142owy cytryny. Na sos winegret: \u0142y\u017cka octu winnego, 3 \u0142y\u017cki oliwy lub oleju, szczypta soli, szczypta cukru, pieprzu i p\u00f3\u0142 \u0142y\u017ceczki musztardy, ew. z\u0105bek czosnku<\/em><\/p>\n<p>1. Jab\u0142ka obra\u0107, pokroi\u0107 w kostk\u0119, skropi\u0107 sokiem cytrynowym.<\/p>\n<p>2. \u0141odygi selera posieka\u0107 na jak najcie\u0144sze paseczki.<br \/>\n3. Ser pokroi\u0107 w drobn\u0105 kostk\u0119 lub zetrze\u0107 na jarzynowej tarce.<br \/>\n4. Wszystkie sk\u0142adniki sosu winegret wymiesza\u0107 w s\u0142oiku z zakr\u0119can\u0105 pokrywk\u0105.<br \/>\n5. Wymiesza\u0107 sk\u0142adniki sa\u0142atki z sosem. Od razu podawa\u0107.<\/p>\n<p>Tak\u0105 sa\u0142atk\u0119 polecamy na niedzielny obiad zamiast zupy. Jest smakowita, prosta, zawsze si\u0119 udaje i jest lekka, wi\u0119c mo\u017cna jako drugie danie poda\u0107 co\u015b znacznie ?solidniejszego?.<\/p>\n","protected":false},"excerpt":{"rendered":"<p>4 winne jab\u0142ka, 4 \u0142odygi selera naciowego, 20 dag sera cheddar lub wed\u0142ug gustu \u0142agodniejszego, na przyk\u0142ad ementalera), sok z po\u0142owy cytryny. Na sos winegret: \u0142y\u017cka octu winnego, 3 \u0142y\u017cki oliwy lub oleju, szczypta soli, szczypta cukru, pieprzu i p\u00f3\u0142 \u0142y\u017ceczki musztardy, ew. z\u0105bek czosnku 1. Jab\u0142ka obra\u0107, pokroi\u0107 w kostk\u0119, skropi\u0107 sokiem cytrynowym. 2. [&hellip;]<\/p>\n","protected":false},"author":2,"featured_media":0,"comment_status":"open","ping_status":"open","sticky":false,"template":"","format":"standard","meta":{"footnotes":""},"categories":[1],"tags":[],"_links":{"self":[{"href":"https:\/\/blog.polityka.pl\/adamczewski\/wp-json\/wp\/v2\/posts\/10134"}],"collection":[{"href":"https:\/\/blog.polityka.pl\/adamczewski\/wp-json\/wp\/v2\/posts"}],"about":[{"href":"https:\/\/blog.polityka.pl\/adamczewski\/wp-json\/wp\/v2\/types\/post"}],"author":[{"embeddable":true,"href":"https:\/\/blog.polityka.pl\/adamczewski\/wp-json\/wp\/v2\/users\/2"}],"replies":[{"embeddable":true,"href":"https:\/\/blog.polityka.pl\/adamczewski\/wp-json\/wp\/v2\/comments?post=10134"}],"version-history":[{"count":0,"href":"https:\/\/blog.polityka.pl\/adamczewski\/wp-json\/wp\/v2\/posts\/10134\/revisions"}],"wp:attachment":[{"href":"https:\/\/blog.polityka.pl\/adamczewski\/wp-json\/wp\/v2\/media?parent=10134"}],"wp:term":[{"taxonomy":"category","embeddable":true,"href":"https:\/\/blog.polityka.pl\/adamczewski\/wp-json\/wp\/v2\/categories?post=10134"},{"taxonomy":"post_tag","embeddable":true,"href":"https:\/\/blog.polityka.pl\/adamczewski\/wp-json\/wp\/v2\/tags?post=10134"}],"curies":[{"name":"wp","href":"https:\/\/api.w.org\/{rel}","templated":true}]}}