
{"id":10135,"date":"2009-02-08T21:18:20","date_gmt":"2009-02-08T20:18:20","guid":{"rendered":"http:\/\/adamczewscy.pl\/?p=2333"},"modified":"2009-02-08T21:18:20","modified_gmt":"2009-02-08T20:18:20","slug":"placki-ziemniaczane-z-ryba","status":"publish","type":"post","link":"https:\/\/blog.polityka.pl\/adamczewski\/2009\/02\/08\/placki-ziemniaczane-z-ryba\/","title":{"rendered":"Placki ziemniaczane z ryb\u0105"},"content":{"rendered":"<p><em>1 kg ziemniak\u00f3w, 40 dag filet\u00f3w bia\u0142ej morskiej ryby (mintaja,  dorsza itp. ) jajko, 2 \u0142y\u017cki posiekanego szczypiorku , 2 \u0142y\u017cki kapar\u00f3w, 2 \u0142y\u017cki soku z cytryny, s\u00f3l, pieprz,  p\u00f3\u0142 szklanki oleju do sma\u017cenia.\u00a0<\/em><\/p>\n<p>1. Obrane ale nie pokrojone na drobniejsze kawa\u0142ki ziemniaki ugotowa\u0107 na wp\u00f3\u0142 mi\u0119kko (oko\u0142o 15 minut), ostudzi\u0107, zetrze\u0107 na jarzynowej tarce.<br \/>\n2. Filety pokroi\u0107 na w\u0105skie paseczki.<br \/>\n3. Starte ziemniaki, jajko, ryb\u0119, szczypiorek oraz kapary  doprawi\u0107 sol\u0105,  sokiem cytrynowym  i pieprzem. Wymiesza\u0107.<br \/>\n4. Uformowa\u0107 placki nieco cie\u0144sze ni\u017c mielone kotlety. Sma\u017cy\u0107 na rozgrzanym oleju z obu stron na z\u0142oto.<\/p>\n","protected":false},"excerpt":{"rendered":"<p>1 kg ziemniak\u00f3w, 40 dag filet\u00f3w bia\u0142ej morskiej ryby (mintaja, dorsza itp. ) jajko, 2 \u0142y\u017cki posiekanego szczypiorku , 2 \u0142y\u017cki kapar\u00f3w, 2 \u0142y\u017cki soku z cytryny, s\u00f3l, pieprz, p\u00f3\u0142 szklanki oleju do sma\u017cenia.\u00a0 1. Obrane ale nie pokrojone na drobniejsze kawa\u0142ki ziemniaki ugotowa\u0107 na wp\u00f3\u0142 mi\u0119kko (oko\u0142o 15 minut), ostudzi\u0107, zetrze\u0107 na jarzynowej tarce. [&hellip;]<\/p>\n","protected":false},"author":2,"featured_media":0,"comment_status":"open","ping_status":"open","sticky":false,"template":"","format":"standard","meta":{"footnotes":""},"categories":[1],"tags":[],"_links":{"self":[{"href":"https:\/\/blog.polityka.pl\/adamczewski\/wp-json\/wp\/v2\/posts\/10135"}],"collection":[{"href":"https:\/\/blog.polityka.pl\/adamczewski\/wp-json\/wp\/v2\/posts"}],"about":[{"href":"https:\/\/blog.polityka.pl\/adamczewski\/wp-json\/wp\/v2\/types\/post"}],"author":[{"embeddable":true,"href":"https:\/\/blog.polityka.pl\/adamczewski\/wp-json\/wp\/v2\/users\/2"}],"replies":[{"embeddable":true,"href":"https:\/\/blog.polityka.pl\/adamczewski\/wp-json\/wp\/v2\/comments?post=10135"}],"version-history":[{"count":0,"href":"https:\/\/blog.polityka.pl\/adamczewski\/wp-json\/wp\/v2\/posts\/10135\/revisions"}],"wp:attachment":[{"href":"https:\/\/blog.polityka.pl\/adamczewski\/wp-json\/wp\/v2\/media?parent=10135"}],"wp:term":[{"taxonomy":"category","embeddable":true,"href":"https:\/\/blog.polityka.pl\/adamczewski\/wp-json\/wp\/v2\/categories?post=10135"},{"taxonomy":"post_tag","embeddable":true,"href":"https:\/\/blog.polityka.pl\/adamczewski\/wp-json\/wp\/v2\/tags?post=10135"}],"curies":[{"name":"wp","href":"https:\/\/api.w.org\/{rel}","templated":true}]}}