
{"id":10136,"date":"2009-02-08T21:20:32","date_gmt":"2009-02-08T20:20:32","guid":{"rendered":"http:\/\/adamczewscy.pl\/?p=2334"},"modified":"2009-02-08T21:20:32","modified_gmt":"2009-02-08T20:20:32","slug":"kremowa-zupa-z-cytryn","status":"publish","type":"post","link":"https:\/\/blog.polityka.pl\/adamczewski\/2009\/02\/08\/kremowa-zupa-z-cytryn\/","title":{"rendered":"Kremowa zupa z cytryn"},"content":{"rendered":"<p><em>P\u00f3\u0142torej cytryny, 4 szklanki roso\u0142u warzywnego z kostki lub wywaru warzywnego, p\u00f3\u0142 szklanki s\u0142odkiej \u015bmietanki 30-proc., \u0142y\u017cka mas\u0142a, 2 \u0142y\u017cki suchego ry\u017cu, s\u00f3l. Jako dodatek: 2 czerstwe bu\u0142ki, \u0142y\u017cka mas\u0142a.\u00a0<\/em><\/p>\n<p>1. Zagotowa\u0107 ros\u00f3\u0142 warzywny lub wywar ze sk\u00f3rk\u0105 cytrynow\u0105 z ? cytryny.<br \/>\n2. W m\u0142ynku do kawy zmieli\u0107 suchy ry\u017c na m\u0105czk\u0119.<br \/>\n3. Rozpu\u015bci\u0107 \u0142y\u017ck\u0119 mas\u0142a, doda\u0107 m\u0105czk\u0119 ry\u017cow\u0105, przygotowa\u0107 z\u0142ocist\u0105 zasma\u017ck\u0119, doda\u0107 do wywaru, zagotowa\u0107.<br \/>\n4. Usun\u0105\u0107 sk\u00f3rk\u0119 cytrynow\u0105, doda\u0107 do zupy sok z ca\u0142ej cytryny i \u015bmietank\u0119.<br \/>\n5. Po\u0142\u00f3wk\u0119 cytryny obra\u0107 ze sk\u00f3rki, pokroi\u0107 na cienkie plasterki, doda\u0107 do zupy.<br \/>\n6. Bu\u0142ki pokroi\u0107 w kostk\u0119, zrumieni\u0107 na suchej patelni, na koniec doda\u0107 mas\u0142o i wymiesza\u0107 z grzankami.<\/p>\n","protected":false},"excerpt":{"rendered":"<p>P\u00f3\u0142torej cytryny, 4 szklanki roso\u0142u warzywnego z kostki lub wywaru warzywnego, p\u00f3\u0142 szklanki s\u0142odkiej \u015bmietanki 30-proc., \u0142y\u017cka mas\u0142a, 2 \u0142y\u017cki suchego ry\u017cu, s\u00f3l. Jako dodatek: 2 czerstwe bu\u0142ki, \u0142y\u017cka mas\u0142a.\u00a0 1. Zagotowa\u0107 ros\u00f3\u0142 warzywny lub wywar ze sk\u00f3rk\u0105 cytrynow\u0105 z ? cytryny. 2. W m\u0142ynku do kawy zmieli\u0107 suchy ry\u017c na m\u0105czk\u0119. 3. Rozpu\u015bci\u0107 \u0142y\u017ck\u0119 [&hellip;]<\/p>\n","protected":false},"author":2,"featured_media":0,"comment_status":"open","ping_status":"open","sticky":false,"template":"","format":"standard","meta":{"footnotes":""},"categories":[1],"tags":[],"_links":{"self":[{"href":"https:\/\/blog.polityka.pl\/adamczewski\/wp-json\/wp\/v2\/posts\/10136"}],"collection":[{"href":"https:\/\/blog.polityka.pl\/adamczewski\/wp-json\/wp\/v2\/posts"}],"about":[{"href":"https:\/\/blog.polityka.pl\/adamczewski\/wp-json\/wp\/v2\/types\/post"}],"author":[{"embeddable":true,"href":"https:\/\/blog.polityka.pl\/adamczewski\/wp-json\/wp\/v2\/users\/2"}],"replies":[{"embeddable":true,"href":"https:\/\/blog.polityka.pl\/adamczewski\/wp-json\/wp\/v2\/comments?post=10136"}],"version-history":[{"count":0,"href":"https:\/\/blog.polityka.pl\/adamczewski\/wp-json\/wp\/v2\/posts\/10136\/revisions"}],"wp:attachment":[{"href":"https:\/\/blog.polityka.pl\/adamczewski\/wp-json\/wp\/v2\/media?parent=10136"}],"wp:term":[{"taxonomy":"category","embeddable":true,"href":"https:\/\/blog.polityka.pl\/adamczewski\/wp-json\/wp\/v2\/categories?post=10136"},{"taxonomy":"post_tag","embeddable":true,"href":"https:\/\/blog.polityka.pl\/adamczewski\/wp-json\/wp\/v2\/tags?post=10136"}],"curies":[{"name":"wp","href":"https:\/\/api.w.org\/{rel}","templated":true}]}}