
{"id":10137,"date":"2009-02-08T21:21:31","date_gmt":"2009-02-08T20:21:31","guid":{"rendered":"http:\/\/adamczewscy.pl\/?p=2335"},"modified":"2009-02-08T21:21:31","modified_gmt":"2009-02-08T20:21:31","slug":"kotlety-schabowe-z-sosem-pomaranczowym","status":"publish","type":"post","link":"https:\/\/blog.polityka.pl\/adamczewski\/2009\/02\/08\/kotlety-schabowe-z-sosem-pomaranczowym\/","title":{"rendered":"Kotlety schabowe z sosem pomara\u0144czowym"},"content":{"rendered":"<p><em>8 cienkich kotlet\u00f3w bez ko\u015bci, pieprz, 3 \u0142y\u017cki oleju, 2 \u0142y\u017cki zupy cebulowej w proszku, 8 plasterk\u00f3w pomara\u0144czy (bez sk\u00f3rki), szklanka wyci\u015bni\u0119tego soku pomara\u0144czowego.\u00a0<\/em><\/p>\n<p>1 Kotlety lekko zbi\u0107, posypa\u0107 sol\u0105 pieprzem.<br \/>\n2. Na patelni rozgrza\u0107 olej, obsma\u017cy\u0107 kotlety z obu stron.<br \/>\n3. Kotlety posypa\u0107 proszkiem zupy cebulowej, na ka\u017cdym po\u0142o\u017cy\u0107 plasterek pomara\u0144czy, zala\u0107 ca\u0142o\u015b\u0107 sokiem pomara\u0144czowym i pod przykryciem dusi\u0107 10 minut.<\/p>\n<p>Tak przyrz\u0105dzone kotlety podawa\u0107 z ry\u017cem lub kaszk\u0105 kuskus. Mo\u017cna przyrz\u0105dzi\u0107 w ten sam spos\u00f3b kotlety z filet\u00f3w kurcz\u0119cych lub indyczej piersi.<\/p>\n","protected":false},"excerpt":{"rendered":"<p>8 cienkich kotlet\u00f3w bez ko\u015bci, pieprz, 3 \u0142y\u017cki oleju, 2 \u0142y\u017cki zupy cebulowej w proszku, 8 plasterk\u00f3w pomara\u0144czy (bez sk\u00f3rki), szklanka wyci\u015bni\u0119tego soku pomara\u0144czowego.\u00a0 1 Kotlety lekko zbi\u0107, posypa\u0107 sol\u0105 pieprzem. 2. Na patelni rozgrza\u0107 olej, obsma\u017cy\u0107 kotlety z obu stron. 3. Kotlety posypa\u0107 proszkiem zupy cebulowej, na ka\u017cdym po\u0142o\u017cy\u0107 plasterek pomara\u0144czy, zala\u0107 ca\u0142o\u015b\u0107 sokiem [&hellip;]<\/p>\n","protected":false},"author":2,"featured_media":0,"comment_status":"open","ping_status":"open","sticky":false,"template":"","format":"standard","meta":{"footnotes":""},"categories":[1],"tags":[],"_links":{"self":[{"href":"https:\/\/blog.polityka.pl\/adamczewski\/wp-json\/wp\/v2\/posts\/10137"}],"collection":[{"href":"https:\/\/blog.polityka.pl\/adamczewski\/wp-json\/wp\/v2\/posts"}],"about":[{"href":"https:\/\/blog.polityka.pl\/adamczewski\/wp-json\/wp\/v2\/types\/post"}],"author":[{"embeddable":true,"href":"https:\/\/blog.polityka.pl\/adamczewski\/wp-json\/wp\/v2\/users\/2"}],"replies":[{"embeddable":true,"href":"https:\/\/blog.polityka.pl\/adamczewski\/wp-json\/wp\/v2\/comments?post=10137"}],"version-history":[{"count":0,"href":"https:\/\/blog.polityka.pl\/adamczewski\/wp-json\/wp\/v2\/posts\/10137\/revisions"}],"wp:attachment":[{"href":"https:\/\/blog.polityka.pl\/adamczewski\/wp-json\/wp\/v2\/media?parent=10137"}],"wp:term":[{"taxonomy":"category","embeddable":true,"href":"https:\/\/blog.polityka.pl\/adamczewski\/wp-json\/wp\/v2\/categories?post=10137"},{"taxonomy":"post_tag","embeddable":true,"href":"https:\/\/blog.polityka.pl\/adamczewski\/wp-json\/wp\/v2\/tags?post=10137"}],"curies":[{"name":"wp","href":"https:\/\/api.w.org\/{rel}","templated":true}]}}