
{"id":10138,"date":"2009-02-08T21:22:57","date_gmt":"2009-02-08T20:22:57","guid":{"rendered":"http:\/\/adamczewscy.pl\/?p=2336"},"modified":"2009-02-08T21:22:57","modified_gmt":"2009-02-08T20:22:57","slug":"deserowe-jablka-w-ciescie","status":"publish","type":"post","link":"https:\/\/blog.polityka.pl\/adamczewski\/2009\/02\/08\/deserowe-jablka-w-ciescie\/","title":{"rendered":"Deserowe jab\u0142ka w cie\u015bcie"},"content":{"rendered":"<p><em>2 du\u017ce kwa\u015bne jab\u0142ka, p\u00f3\u0142 szklanki m\u0105ki, 2 jaja, \u0142y\u017cka cukru, p\u00f3\u0142 szklanki jasnego piwa (lub gazowanej wody mineralnej), szczypta soli, olejek rumowy lub waniliowy, p\u00f3\u0142 \u0142y\u017ceczki do kawy cynamonu, 4 \u0142y\u017cki oleju do sma\u017cenia. Do posypania: 2 \u0142y\u017cki cukru pudru.\u00a0<\/em><\/p>\n<p>1. \u017b\u00f3\u0142tka oddzieli\u0107 od bia\u0142ek.<br \/>\n2. M\u0105k\u0119 wymiesza\u0107 z \u017c\u00f3\u0142tkami dodaj\u0105c piwo lub wod\u0119 mineraln\u0105 i szczypt\u0119 soli.<br \/>\n3. Ubi\u0107 sztywna piane z bia\u0142ek dodaj\u0105c pod koniec cukier.<br \/>\n4. Po\u0142\u0105czy\u0107 ciasto z ubit\u0105 pian\u0105.<br \/>\n5. Jab\u0142ka obra\u0107,  wyci\u0105\u0107 gniazda nasienne, pokroi\u0107 w kr\u0105\u017cki, posypa\u0107 cynamonem i skropi\u0107 lekko olejkiem zapachowym.<br \/>\n6. Rozgrza\u0107 na patelni olej.<br \/>\n7. Macza\u0107 kr\u0105\u017cki jab\u0142ka w cie\u015bcie i sma\u017cy\u0107 na rozgrzanym oleju.<br \/>\n8. Usma\u017cone jab\u0142ka posypa\u0107 cukrem pudrem.<\/p>\n<p>Jab\u0142ka w cie\u015bcie mo\u017cna podawa\u0107 z dodatkiem \u015bmietankowych lod\u00f3w lub jakiejkolwiek konfitury.<\/p>\n","protected":false},"excerpt":{"rendered":"<p>2 du\u017ce kwa\u015bne jab\u0142ka, p\u00f3\u0142 szklanki m\u0105ki, 2 jaja, \u0142y\u017cka cukru, p\u00f3\u0142 szklanki jasnego piwa (lub gazowanej wody mineralnej), szczypta soli, olejek rumowy lub waniliowy, p\u00f3\u0142 \u0142y\u017ceczki do kawy cynamonu, 4 \u0142y\u017cki oleju do sma\u017cenia. Do posypania: 2 \u0142y\u017cki cukru pudru.\u00a0 1. \u017b\u00f3\u0142tka oddzieli\u0107 od bia\u0142ek. 2. M\u0105k\u0119 wymiesza\u0107 z \u017c\u00f3\u0142tkami dodaj\u0105c piwo lub wod\u0119 [&hellip;]<\/p>\n","protected":false},"author":2,"featured_media":0,"comment_status":"open","ping_status":"open","sticky":false,"template":"","format":"standard","meta":{"footnotes":""},"categories":[1],"tags":[],"_links":{"self":[{"href":"https:\/\/blog.polityka.pl\/adamczewski\/wp-json\/wp\/v2\/posts\/10138"}],"collection":[{"href":"https:\/\/blog.polityka.pl\/adamczewski\/wp-json\/wp\/v2\/posts"}],"about":[{"href":"https:\/\/blog.polityka.pl\/adamczewski\/wp-json\/wp\/v2\/types\/post"}],"author":[{"embeddable":true,"href":"https:\/\/blog.polityka.pl\/adamczewski\/wp-json\/wp\/v2\/users\/2"}],"replies":[{"embeddable":true,"href":"https:\/\/blog.polityka.pl\/adamczewski\/wp-json\/wp\/v2\/comments?post=10138"}],"version-history":[{"count":0,"href":"https:\/\/blog.polityka.pl\/adamczewski\/wp-json\/wp\/v2\/posts\/10138\/revisions"}],"wp:attachment":[{"href":"https:\/\/blog.polityka.pl\/adamczewski\/wp-json\/wp\/v2\/media?parent=10138"}],"wp:term":[{"taxonomy":"category","embeddable":true,"href":"https:\/\/blog.polityka.pl\/adamczewski\/wp-json\/wp\/v2\/categories?post=10138"},{"taxonomy":"post_tag","embeddable":true,"href":"https:\/\/blog.polityka.pl\/adamczewski\/wp-json\/wp\/v2\/tags?post=10138"}],"curies":[{"name":"wp","href":"https:\/\/api.w.org\/{rel}","templated":true}]}}