
{"id":10139,"date":"2009-02-08T21:23:42","date_gmt":"2009-02-08T20:23:42","guid":{"rendered":"http:\/\/adamczewscy.pl\/?p=2337"},"modified":"2009-02-08T21:23:42","modified_gmt":"2009-02-08T20:23:42","slug":"%e2%80%9edorsz-z-rekawa%e2%80%9d-z-warzywami","status":"publish","type":"post","link":"https:\/\/blog.polityka.pl\/adamczewski\/2009\/02\/08\/%e2%80%9edorsz-z-rekawa%e2%80%9d-z-warzywami\/","title":{"rendered":"?Dorsz z r\u0119kawa? z warzywami"},"content":{"rendered":"<p><em>8 kostek filet\u00f3w z dorsza, 2 marchwie, pietruszka, niedu\u017cy seler, 2 cebule, 30 dag pieczarek, s\u00f3l, pieprz, \u0142y\u017ceczka sch\u0142odzonego mas\u0142a.\u00a0<\/em><\/p>\n<p>1. Obra\u0107 marchew, pietruszki, seler, zetrze\u0107 na jarzynowej tarce.<br \/>\n2. Cebul\u0119 posieka\u0107, pieczarki pokroi\u0107 w kostk\u0119. Wymiesza\u0107 warzywa z pieczarkami i cebul\u0105.<br \/>\n3. W r\u0119kawie foliowym u\u0142o\u017cy\u0107 po\u0142ow\u0119 kostek filetowych, na nich po\u0142ow\u0119 mieszanki grzybowo-warzywnej, posypa\u0107 sol\u0105 i pieprzem, zn\u00f3w kostki filetowe i zn\u00f3w posypane pieprzem i sol\u0105 warzywa, na wierzchu u\u0142o\u017cy\u0107 posiekane na drobne wi\u00f3rki mas\u0142o. Podla\u0107 2 \u0142y\u017ckami wody.<br \/>\n4. Zamkn\u0105\u0107 r\u0119kaw foliowy. Piec w nagrzanym do 200 st C piekarniku oko\u0142o p\u00f3\u0142 godziny.<\/p>\n<p>Filety z warzywami podawa\u0107 z ziemniakami z wody lub puree.<\/p>\n","protected":false},"excerpt":{"rendered":"<p>8 kostek filet\u00f3w z dorsza, 2 marchwie, pietruszka, niedu\u017cy seler, 2 cebule, 30 dag pieczarek, s\u00f3l, pieprz, \u0142y\u017ceczka sch\u0142odzonego mas\u0142a.\u00a0 1. Obra\u0107 marchew, pietruszki, seler, zetrze\u0107 na jarzynowej tarce. 2. Cebul\u0119 posieka\u0107, pieczarki pokroi\u0107 w kostk\u0119. Wymiesza\u0107 warzywa z pieczarkami i cebul\u0105. 3. W r\u0119kawie foliowym u\u0142o\u017cy\u0107 po\u0142ow\u0119 kostek filetowych, na nich po\u0142ow\u0119 mieszanki grzybowo-warzywnej, [&hellip;]<\/p>\n","protected":false},"author":2,"featured_media":0,"comment_status":"open","ping_status":"open","sticky":false,"template":"","format":"standard","meta":{"footnotes":""},"categories":[1],"tags":[],"_links":{"self":[{"href":"https:\/\/blog.polityka.pl\/adamczewski\/wp-json\/wp\/v2\/posts\/10139"}],"collection":[{"href":"https:\/\/blog.polityka.pl\/adamczewski\/wp-json\/wp\/v2\/posts"}],"about":[{"href":"https:\/\/blog.polityka.pl\/adamczewski\/wp-json\/wp\/v2\/types\/post"}],"author":[{"embeddable":true,"href":"https:\/\/blog.polityka.pl\/adamczewski\/wp-json\/wp\/v2\/users\/2"}],"replies":[{"embeddable":true,"href":"https:\/\/blog.polityka.pl\/adamczewski\/wp-json\/wp\/v2\/comments?post=10139"}],"version-history":[{"count":0,"href":"https:\/\/blog.polityka.pl\/adamczewski\/wp-json\/wp\/v2\/posts\/10139\/revisions"}],"wp:attachment":[{"href":"https:\/\/blog.polityka.pl\/adamczewski\/wp-json\/wp\/v2\/media?parent=10139"}],"wp:term":[{"taxonomy":"category","embeddable":true,"href":"https:\/\/blog.polityka.pl\/adamczewski\/wp-json\/wp\/v2\/categories?post=10139"},{"taxonomy":"post_tag","embeddable":true,"href":"https:\/\/blog.polityka.pl\/adamczewski\/wp-json\/wp\/v2\/tags?post=10139"}],"curies":[{"name":"wp","href":"https:\/\/api.w.org\/{rel}","templated":true}]}}