
{"id":10140,"date":"2009-02-08T21:24:16","date_gmt":"2009-02-08T20:24:16","guid":{"rendered":"http:\/\/adamczewscy.pl\/?p=2338"},"modified":"2009-02-08T21:24:16","modified_gmt":"2009-02-08T20:24:16","slug":"kapusniak-inaczej","status":"publish","type":"post","link":"https:\/\/blog.polityka.pl\/adamczewski\/2009\/02\/08\/kapusniak-inaczej\/","title":{"rendered":"Kapu\u015bniak inaczej"},"content":{"rendered":"<p><em>30 dag kiszonej kapusty, 20 dag w\u0119dzonego chudego boczku, 2 z\u0105bki czosnku, p\u00f3\u0142 szklanki \u015bmietany 18-proc., \u0142y\u017cka m\u0105ki, s\u00f3l, pieprz, \u0142y\u017cka siekanej zielonej pietruszki.\u00a0<\/em><\/p>\n<p>1. Kapust\u0119 posieka\u0107 i wraz z 8 szklankami wody oraz pokrojonym na ma\u0142e kostki boczkiem w\u0119dzonym gotowa\u0107 oko\u0142o p\u00f3\u0142torej godziny.<br \/>\n2. Czosnek rozetrze\u0107 i doda\u0107 do zupy.<br \/>\n3. Wymiesza\u0107 \u015bmietan\u0119 z m\u0105k\u0105 i 2-3 \u0142y\u017ckami gor\u0105cej zupy, wla\u0107 do garnka, doprawi\u0107 zup\u0119 sol\u0105 i pieprzem, raz zagotowa\u0107. {o wierzchu posypa\u0107 siekan\u0105 zielon\u0105 pietruszk\u0105.<\/p>\n","protected":false},"excerpt":{"rendered":"<p>30 dag kiszonej kapusty, 20 dag w\u0119dzonego chudego boczku, 2 z\u0105bki czosnku, p\u00f3\u0142 szklanki \u015bmietany 18-proc., \u0142y\u017cka m\u0105ki, s\u00f3l, pieprz, \u0142y\u017cka siekanej zielonej pietruszki.\u00a0 1. Kapust\u0119 posieka\u0107 i wraz z 8 szklankami wody oraz pokrojonym na ma\u0142e kostki boczkiem w\u0119dzonym gotowa\u0107 oko\u0142o p\u00f3\u0142torej godziny. 2. Czosnek rozetrze\u0107 i doda\u0107 do zupy. 3. Wymiesza\u0107 \u015bmietan\u0119 z [&hellip;]<\/p>\n","protected":false},"author":2,"featured_media":0,"comment_status":"open","ping_status":"open","sticky":false,"template":"","format":"standard","meta":{"footnotes":""},"categories":[1],"tags":[],"_links":{"self":[{"href":"https:\/\/blog.polityka.pl\/adamczewski\/wp-json\/wp\/v2\/posts\/10140"}],"collection":[{"href":"https:\/\/blog.polityka.pl\/adamczewski\/wp-json\/wp\/v2\/posts"}],"about":[{"href":"https:\/\/blog.polityka.pl\/adamczewski\/wp-json\/wp\/v2\/types\/post"}],"author":[{"embeddable":true,"href":"https:\/\/blog.polityka.pl\/adamczewski\/wp-json\/wp\/v2\/users\/2"}],"replies":[{"embeddable":true,"href":"https:\/\/blog.polityka.pl\/adamczewski\/wp-json\/wp\/v2\/comments?post=10140"}],"version-history":[{"count":0,"href":"https:\/\/blog.polityka.pl\/adamczewski\/wp-json\/wp\/v2\/posts\/10140\/revisions"}],"wp:attachment":[{"href":"https:\/\/blog.polityka.pl\/adamczewski\/wp-json\/wp\/v2\/media?parent=10140"}],"wp:term":[{"taxonomy":"category","embeddable":true,"href":"https:\/\/blog.polityka.pl\/adamczewski\/wp-json\/wp\/v2\/categories?post=10140"},{"taxonomy":"post_tag","embeddable":true,"href":"https:\/\/blog.polityka.pl\/adamczewski\/wp-json\/wp\/v2\/tags?post=10140"}],"curies":[{"name":"wp","href":"https:\/\/api.w.org\/{rel}","templated":true}]}}