
{"id":10141,"date":"2009-02-08T21:25:05","date_gmt":"2009-02-08T20:25:05","guid":{"rendered":"http:\/\/adamczewscy.pl\/?p=2339"},"modified":"2009-02-08T21:25:05","modified_gmt":"2009-02-08T20:25:05","slug":"kaczka-z-miodem-po-chinsku","status":"publish","type":"post","link":"https:\/\/blog.polityka.pl\/adamczewski\/2009\/02\/08\/kaczka-z-miodem-po-chinsku\/","title":{"rendered":"Kaczka z miodem po chi\u0144sku"},"content":{"rendered":"<p><em>Kaczka lub 4 kacze udka, \u0142y\u017ceczka mielonego imbiru, gwiazdka any\u017cu, 2 \u0142y\u017cki miodu, 2 \u0142y\u017cki sosu sojowego, s\u00f3l, pieprz, 2 \u0142y\u017cki oleju.<br \/>\nJako dodatek mro\u017cone ?warzywa po chi\u0144sku?<\/em><\/p>\n<p>1. Kaczk\u0119 (lub jej cz\u0119\u015bci) sprawi\u0107, umy\u0107, wysuszy\u0107 papierow\u0105 kuchenn\u0105 \u015bciereczk\u0105.<br \/>\n2. Wymiesza\u0107 mi\u00f3d, sos sojowy, imbir i rozdrobniony any\u017c. Posmarowa\u0107  mieszank\u0105 mi\u0119so i odstawi\u0107 przynajmniej na godzin\u0119.<br \/>\n3. Wlac olej do brytfanny, u\u0142o\u017cy\u0107 na nim kaczk\u0119 i piec w temperaturze 200 st C najpierw oko\u0142o 30 minut pod przykryciem, po czym odkry\u0107 i dopieka\u0107 kolejne p\u00f3l godziny lub, w miar\u0119 potrzeby d\u0142u\u017cej, cz\u0119sto polewaj\u0105c wytworzonym sosem.<br \/>\n4. Przygotowa\u0107 ?warzywa po chi\u0144sku? wed\u0142ug przepisu na opakowaniu, kaczk\u0119 podzieli\u0107 na porcje i podawa\u0107 na jednym p\u00f3\u0142misku. Jako dodatek mo\u017cna poda\u0107 makaron sojowy lub ry\u017c.<\/p>\n","protected":false},"excerpt":{"rendered":"<p>Kaczka lub 4 kacze udka, \u0142y\u017ceczka mielonego imbiru, gwiazdka any\u017cu, 2 \u0142y\u017cki miodu, 2 \u0142y\u017cki sosu sojowego, s\u00f3l, pieprz, 2 \u0142y\u017cki oleju. Jako dodatek mro\u017cone ?warzywa po chi\u0144sku? 1. Kaczk\u0119 (lub jej cz\u0119\u015bci) sprawi\u0107, umy\u0107, wysuszy\u0107 papierow\u0105 kuchenn\u0105 \u015bciereczk\u0105. 2. Wymiesza\u0107 mi\u00f3d, sos sojowy, imbir i rozdrobniony any\u017c. Posmarowa\u0107 mieszank\u0105 mi\u0119so i odstawi\u0107 przynajmniej na [&hellip;]<\/p>\n","protected":false},"author":2,"featured_media":0,"comment_status":"open","ping_status":"open","sticky":false,"template":"","format":"standard","meta":{"footnotes":""},"categories":[1],"tags":[],"_links":{"self":[{"href":"https:\/\/blog.polityka.pl\/adamczewski\/wp-json\/wp\/v2\/posts\/10141"}],"collection":[{"href":"https:\/\/blog.polityka.pl\/adamczewski\/wp-json\/wp\/v2\/posts"}],"about":[{"href":"https:\/\/blog.polityka.pl\/adamczewski\/wp-json\/wp\/v2\/types\/post"}],"author":[{"embeddable":true,"href":"https:\/\/blog.polityka.pl\/adamczewski\/wp-json\/wp\/v2\/users\/2"}],"replies":[{"embeddable":true,"href":"https:\/\/blog.polityka.pl\/adamczewski\/wp-json\/wp\/v2\/comments?post=10141"}],"version-history":[{"count":0,"href":"https:\/\/blog.polityka.pl\/adamczewski\/wp-json\/wp\/v2\/posts\/10141\/revisions"}],"wp:attachment":[{"href":"https:\/\/blog.polityka.pl\/adamczewski\/wp-json\/wp\/v2\/media?parent=10141"}],"wp:term":[{"taxonomy":"category","embeddable":true,"href":"https:\/\/blog.polityka.pl\/adamczewski\/wp-json\/wp\/v2\/categories?post=10141"},{"taxonomy":"post_tag","embeddable":true,"href":"https:\/\/blog.polityka.pl\/adamczewski\/wp-json\/wp\/v2\/tags?post=10141"}],"curies":[{"name":"wp","href":"https:\/\/api.w.org\/{rel}","templated":true}]}}