
{"id":10143,"date":"2009-02-16T10:44:14","date_gmt":"2009-02-16T09:44:14","guid":{"rendered":"http:\/\/adamczewscy.pl\/?p=2343"},"modified":"2009-02-16T10:44:14","modified_gmt":"2009-02-16T09:44:14","slug":"zupa-dziadowska","status":"publish","type":"post","link":"https:\/\/blog.polityka.pl\/adamczewski\/2009\/02\/16\/zupa-dziadowska\/","title":{"rendered":"Zupa dziadowska"},"content":{"rendered":"<p><em>6 ziemniak\u00f3w, 2 szklanki ma\u015blanki, czubata \u0142y\u017ceczka m\u0105ki, 2 kopiaste \u0142y\u017cki krojonego w\u0119dzonego boczku, niedu\u017ca cebula, li\u015b\u0107 laurowy, 3 ziarna ziela angielskiego, 3 ziarna pieprzu, s\u00f3l, \u0142y\u017cka siekanego koperku.\u00a0<\/em><\/p>\n<p>1. Ziemniaki obiera\u0107, umy\u0107, pokroi\u0107 w kostk\u0119, zala\u0107  2 szklankami wrz\u0105cej wody, doda\u0107 s\u00f3l do smaku, li\u015b\u0107 laurowy, ziele angielskie i pieprz. Gotowa\u0107 a\u017c ziemniaki zmi\u0119kn\u0105.<br \/>\n2. Wymiesza\u0107 ma\u015blank\u0119 z m\u0105k\u0105 i wla\u0107 powoli do gotuj\u0105cej si\u0119 zupy. Powoli gotowa\u0107.<br \/>\n3. W tym czasie stopi\u0107 boczek doda\u0107 posiekan\u0105 drobno cebul\u0119. Zrumienion\u0105 cebul\u0119 ze skwarkami i t\u0142uszczem doda\u0107 do zupy, gotowa\u0107 minut\u0119. Podaj\u0105c posypa\u0107 koperkiem.<\/p>\n","protected":false},"excerpt":{"rendered":"<p>6 ziemniak\u00f3w, 2 szklanki ma\u015blanki, czubata \u0142y\u017ceczka m\u0105ki, 2 kopiaste \u0142y\u017cki krojonego w\u0119dzonego boczku, niedu\u017ca cebula, li\u015b\u0107 laurowy, 3 ziarna ziela angielskiego, 3 ziarna pieprzu, s\u00f3l, \u0142y\u017cka siekanego koperku.\u00a0 1. Ziemniaki obiera\u0107, umy\u0107, pokroi\u0107 w kostk\u0119, zala\u0107 2 szklankami wrz\u0105cej wody, doda\u0107 s\u00f3l do smaku, li\u015b\u0107 laurowy, ziele angielskie i pieprz. Gotowa\u0107 a\u017c ziemniaki zmi\u0119kn\u0105. [&hellip;]<\/p>\n","protected":false},"author":2,"featured_media":0,"comment_status":"open","ping_status":"open","sticky":false,"template":"","format":"standard","meta":{"footnotes":""},"categories":[1],"tags":[],"_links":{"self":[{"href":"https:\/\/blog.polityka.pl\/adamczewski\/wp-json\/wp\/v2\/posts\/10143"}],"collection":[{"href":"https:\/\/blog.polityka.pl\/adamczewski\/wp-json\/wp\/v2\/posts"}],"about":[{"href":"https:\/\/blog.polityka.pl\/adamczewski\/wp-json\/wp\/v2\/types\/post"}],"author":[{"embeddable":true,"href":"https:\/\/blog.polityka.pl\/adamczewski\/wp-json\/wp\/v2\/users\/2"}],"replies":[{"embeddable":true,"href":"https:\/\/blog.polityka.pl\/adamczewski\/wp-json\/wp\/v2\/comments?post=10143"}],"version-history":[{"count":0,"href":"https:\/\/blog.polityka.pl\/adamczewski\/wp-json\/wp\/v2\/posts\/10143\/revisions"}],"wp:attachment":[{"href":"https:\/\/blog.polityka.pl\/adamczewski\/wp-json\/wp\/v2\/media?parent=10143"}],"wp:term":[{"taxonomy":"category","embeddable":true,"href":"https:\/\/blog.polityka.pl\/adamczewski\/wp-json\/wp\/v2\/categories?post=10143"},{"taxonomy":"post_tag","embeddable":true,"href":"https:\/\/blog.polityka.pl\/adamczewski\/wp-json\/wp\/v2\/tags?post=10143"}],"curies":[{"name":"wp","href":"https:\/\/api.w.org\/{rel}","templated":true}]}}