
{"id":10144,"date":"2009-02-16T10:44:39","date_gmt":"2009-02-16T09:44:39","guid":{"rendered":"http:\/\/adamczewscy.pl\/?p=2344"},"modified":"2009-02-16T10:44:39","modified_gmt":"2009-02-16T09:44:39","slug":"ryba-egzotyczna","status":"publish","type":"post","link":"https:\/\/blog.polityka.pl\/adamczewski\/2009\/02\/16\/ryba-egzotyczna\/","title":{"rendered":"Ryba egzotyczna"},"content":{"rendered":"<p><em>50-70 dag filet\u00f3w z dorsza lub morszczuka, puszka (mniej wi\u0119cej 400-gramowa) ananasa w puszce, \u015bredni banan, p\u00f3\u0142 str\u0105ka czerwonej papryki, \u0142y\u017cka mas\u0142a, 2 \u0142y\u017cki sosu sojowego, p\u00f3\u0142 \u0142y\u017ceczki przyprawy curry, na czubek \u0142y\u017ceczki sproszkowanego imbiru,  na czubek \u0142y\u017ceczki chili, s\u00f3l, pieprz, 4 \u0142y\u017cki oleju do sma\u017cenia, \u0142y\u017cka m\u0105ki, jajko i 2 \u0142y\u017cki tartej bu\u0142ki.\u00a0<\/em><\/p>\n<p>1. Przygotowa\u0107 marynat\u0119: wymiesza\u0107 zalew\u0119 ananasa z sosem sojowym, curry, imbirem chili, pieprzem oraz odrobin\u0105 soli.<br \/>\n2. Ryb\u0119 pokroi\u0107 na porcje i zala\u0107 marynat\u0105. Odstawi\u0107 co najmniej na godzin\u0119.<br \/>\n3. Ryb\u0119 wyj\u0119t\u0105 z marynaty panierowa\u0107 w m\u0105ce, nast\u0119pnie w rozbitym jajku i na koniec w tartej bu\u0142ce. Sma\u017cy\u0107 na rozgrzanym oleju z obu stron na ciemnoz\u0142oto.<br \/>\n4. Na \u0142y\u017cce mas\u0142a podsma\u017cy\u0107 pokrojonego na talarki banana, plastry ananasa oraz papryk\u0119, kiedy s\u0105 ju\u017c obsma\u017cone zala\u0107 pozosta\u0142\u0105 marynat\u0105 i zagotowa\u0107 (oko\u0142o 1 minuty od zawrzenia).<br \/>\n5. U\u0142o\u017cone na p\u00f3\u0142misku filety pola\u0107 sosem. Podawa\u0107 z ry\u017cem ugotowanym na sypko.<\/p>\n","protected":false},"excerpt":{"rendered":"<p>50-70 dag filet\u00f3w z dorsza lub morszczuka, puszka (mniej wi\u0119cej 400-gramowa) ananasa w puszce, \u015bredni banan, p\u00f3\u0142 str\u0105ka czerwonej papryki, \u0142y\u017cka mas\u0142a, 2 \u0142y\u017cki sosu sojowego, p\u00f3\u0142 \u0142y\u017ceczki przyprawy curry, na czubek \u0142y\u017ceczki sproszkowanego imbiru, na czubek \u0142y\u017ceczki chili, s\u00f3l, pieprz, 4 \u0142y\u017cki oleju do sma\u017cenia, \u0142y\u017cka m\u0105ki, jajko i 2 \u0142y\u017cki tartej bu\u0142ki.\u00a0 1. [&hellip;]<\/p>\n","protected":false},"author":2,"featured_media":0,"comment_status":"open","ping_status":"open","sticky":false,"template":"","format":"standard","meta":{"footnotes":""},"categories":[1],"tags":[],"_links":{"self":[{"href":"https:\/\/blog.polityka.pl\/adamczewski\/wp-json\/wp\/v2\/posts\/10144"}],"collection":[{"href":"https:\/\/blog.polityka.pl\/adamczewski\/wp-json\/wp\/v2\/posts"}],"about":[{"href":"https:\/\/blog.polityka.pl\/adamczewski\/wp-json\/wp\/v2\/types\/post"}],"author":[{"embeddable":true,"href":"https:\/\/blog.polityka.pl\/adamczewski\/wp-json\/wp\/v2\/users\/2"}],"replies":[{"embeddable":true,"href":"https:\/\/blog.polityka.pl\/adamczewski\/wp-json\/wp\/v2\/comments?post=10144"}],"version-history":[{"count":0,"href":"https:\/\/blog.polityka.pl\/adamczewski\/wp-json\/wp\/v2\/posts\/10144\/revisions"}],"wp:attachment":[{"href":"https:\/\/blog.polityka.pl\/adamczewski\/wp-json\/wp\/v2\/media?parent=10144"}],"wp:term":[{"taxonomy":"category","embeddable":true,"href":"https:\/\/blog.polityka.pl\/adamczewski\/wp-json\/wp\/v2\/categories?post=10144"},{"taxonomy":"post_tag","embeddable":true,"href":"https:\/\/blog.polityka.pl\/adamczewski\/wp-json\/wp\/v2\/tags?post=10144"}],"curies":[{"name":"wp","href":"https:\/\/api.w.org\/{rel}","templated":true}]}}