
{"id":10147,"date":"2009-02-16T10:46:03","date_gmt":"2009-02-16T09:46:03","guid":{"rendered":"http:\/\/adamczewscy.pl\/?p=2347"},"modified":"2009-02-16T10:46:03","modified_gmt":"2009-02-16T09:46:03","slug":"placki-z-puszczy-bialej","status":"publish","type":"post","link":"https:\/\/blog.polityka.pl\/adamczewski\/2009\/02\/16\/placki-z-puszczy-bialej\/","title":{"rendered":"Placki z Puszczy Bia\u0142ej"},"content":{"rendered":"<p><em>2 szklanki m\u0105ki, 2 \u0142y\u017ceczki proszku do pieczenia, 2 jajka, 2 \u0142y\u017cki cukru, 2 szklanki ma\u015blanki (lepiej mie\u0107 w zapasie jeszcze p\u00f3\u0142 szklanki ma\u015blanki lub jogurtu), cukier waniliowy, s\u00f3l, 3 \u0142y\u017cki mas\u0142a i cukier puder do posypywania.\u00a0<\/em><\/p>\n<p>1. Oddzieli\u0107 \u017c\u00f3\u0142tka od bia\u0142ek. \u017b\u00f3\u0142tka utrze\u0107 z cukrem do bia\u0142o\u015bci.<br \/>\n2. M\u0105k\u0119 wymiesza\u0107 z proszkiem do pieczenia, doda\u0107 utarte \u017c\u00f3\u0142tka, ma\u015blank\u0119, s\u00f3l, cukier waniliowy, dok\u0142adnie wymiesza\u0107. Gdyby ciasto by\u0142o zbyt g\u0119ste-dodawa\u0107 po \u0142y\u017cce ma\u015blanki lub jogurtu.<br \/>\n3. Ubi\u0107 sztywn\u0105 pian\u0119 z bia\u0142ek i doda\u0107 do ciasta delikatnie lecz dok\u0142adnie mieszaj\u0105c.<br \/>\n4. Rozgrza\u0107 mas\u0142o na patelni, sma\u017cy\u0107 niewielkie p\u0142askie placuszki z obu stron, gor\u0105ce posypywa\u0107 cukrem pudrem.<\/p>\n","protected":false},"excerpt":{"rendered":"<p>2 szklanki m\u0105ki, 2 \u0142y\u017ceczki proszku do pieczenia, 2 jajka, 2 \u0142y\u017cki cukru, 2 szklanki ma\u015blanki (lepiej mie\u0107 w zapasie jeszcze p\u00f3\u0142 szklanki ma\u015blanki lub jogurtu), cukier waniliowy, s\u00f3l, 3 \u0142y\u017cki mas\u0142a i cukier puder do posypywania.\u00a0 1. Oddzieli\u0107 \u017c\u00f3\u0142tka od bia\u0142ek. \u017b\u00f3\u0142tka utrze\u0107 z cukrem do bia\u0142o\u015bci. 2. M\u0105k\u0119 wymiesza\u0107 z proszkiem do pieczenia, [&hellip;]<\/p>\n","protected":false},"author":2,"featured_media":0,"comment_status":"open","ping_status":"open","sticky":false,"template":"","format":"standard","meta":{"footnotes":""},"categories":[1],"tags":[],"_links":{"self":[{"href":"https:\/\/blog.polityka.pl\/adamczewski\/wp-json\/wp\/v2\/posts\/10147"}],"collection":[{"href":"https:\/\/blog.polityka.pl\/adamczewski\/wp-json\/wp\/v2\/posts"}],"about":[{"href":"https:\/\/blog.polityka.pl\/adamczewski\/wp-json\/wp\/v2\/types\/post"}],"author":[{"embeddable":true,"href":"https:\/\/blog.polityka.pl\/adamczewski\/wp-json\/wp\/v2\/users\/2"}],"replies":[{"embeddable":true,"href":"https:\/\/blog.polityka.pl\/adamczewski\/wp-json\/wp\/v2\/comments?post=10147"}],"version-history":[{"count":0,"href":"https:\/\/blog.polityka.pl\/adamczewski\/wp-json\/wp\/v2\/posts\/10147\/revisions"}],"wp:attachment":[{"href":"https:\/\/blog.polityka.pl\/adamczewski\/wp-json\/wp\/v2\/media?parent=10147"}],"wp:term":[{"taxonomy":"category","embeddable":true,"href":"https:\/\/blog.polityka.pl\/adamczewski\/wp-json\/wp\/v2\/categories?post=10147"},{"taxonomy":"post_tag","embeddable":true,"href":"https:\/\/blog.polityka.pl\/adamczewski\/wp-json\/wp\/v2\/tags?post=10147"}],"curies":[{"name":"wp","href":"https:\/\/api.w.org\/{rel}","templated":true}]}}