
{"id":10148,"date":"2009-02-16T10:46:23","date_gmt":"2009-02-16T09:46:23","guid":{"rendered":"http:\/\/adamczewscy.pl\/?p=2348"},"modified":"2009-02-16T10:46:23","modified_gmt":"2009-02-16T09:46:23","slug":"mazurska-polewka","status":"publish","type":"post","link":"https:\/\/blog.polityka.pl\/adamczewski\/2009\/02\/16\/mazurska-polewka\/","title":{"rendered":"Mazurska polewka"},"content":{"rendered":"<p><em>2 du\u017ce cebule, 2 szklanki mleka, 2 \u0142y\u017cki mas\u0142a, p\u00f3\u0142torej \u0142y\u017cki m\u0105ki kukurydzianej, 3 \u0142y\u017cki siekanej zielonej pietruszki, s\u00f3l, pieprz<\/p>\n<p><\/em>1. Rozpu\u015bci\u0107 w garnku \u0142y\u017ck\u0119 mas\u0142a, doda\u0107 posiekane cebule i zeszkli\u0107 je mieszaj\u0105c.<br \/>\n2. Dola\u0107 2 szklanki wody, 2 \u0142y\u017cki siekanej zielonej pietruszki, s\u00f3l i pieprz. Gotowa\u0107 oko\u0142o 30 minut.<br \/>\n3. Wymiesza\u0107 m\u0105k\u0119 kukurydzian\u0105 z mlekiem, wla\u0107 przecedzon\u0105 zup\u0119, wymiesza\u0107 i gotowa\u0107 mniej wi\u0119cej 10 minut, doda\u0107 \u0142y\u017ck\u0119 mas\u0142a i pozosta\u0142\u0105 \u0142y\u017ck\u0119 zielonej pietruszki.<br \/>\nZup\u0119 mo\u017cna podawa\u0107 z grzankami lub \u015bwie\u017c\u0105 bu\u0142k\u0105.<\/p>\n","protected":false},"excerpt":{"rendered":"<p>2 du\u017ce cebule, 2 szklanki mleka, 2 \u0142y\u017cki mas\u0142a, p\u00f3\u0142torej \u0142y\u017cki m\u0105ki kukurydzianej, 3 \u0142y\u017cki siekanej zielonej pietruszki, s\u00f3l, pieprz 1. Rozpu\u015bci\u0107 w garnku \u0142y\u017ck\u0119 mas\u0142a, doda\u0107 posiekane cebule i zeszkli\u0107 je mieszaj\u0105c. 2. Dola\u0107 2 szklanki wody, 2 \u0142y\u017cki siekanej zielonej pietruszki, s\u00f3l i pieprz. Gotowa\u0107 oko\u0142o 30 minut. 3. Wymiesza\u0107 m\u0105k\u0119 kukurydzian\u0105 z [&hellip;]<\/p>\n","protected":false},"author":2,"featured_media":0,"comment_status":"open","ping_status":"open","sticky":false,"template":"","format":"standard","meta":{"footnotes":""},"categories":[1],"tags":[],"_links":{"self":[{"href":"https:\/\/blog.polityka.pl\/adamczewski\/wp-json\/wp\/v2\/posts\/10148"}],"collection":[{"href":"https:\/\/blog.polityka.pl\/adamczewski\/wp-json\/wp\/v2\/posts"}],"about":[{"href":"https:\/\/blog.polityka.pl\/adamczewski\/wp-json\/wp\/v2\/types\/post"}],"author":[{"embeddable":true,"href":"https:\/\/blog.polityka.pl\/adamczewski\/wp-json\/wp\/v2\/users\/2"}],"replies":[{"embeddable":true,"href":"https:\/\/blog.polityka.pl\/adamczewski\/wp-json\/wp\/v2\/comments?post=10148"}],"version-history":[{"count":0,"href":"https:\/\/blog.polityka.pl\/adamczewski\/wp-json\/wp\/v2\/posts\/10148\/revisions"}],"wp:attachment":[{"href":"https:\/\/blog.polityka.pl\/adamczewski\/wp-json\/wp\/v2\/media?parent=10148"}],"wp:term":[{"taxonomy":"category","embeddable":true,"href":"https:\/\/blog.polityka.pl\/adamczewski\/wp-json\/wp\/v2\/categories?post=10148"},{"taxonomy":"post_tag","embeddable":true,"href":"https:\/\/blog.polityka.pl\/adamczewski\/wp-json\/wp\/v2\/tags?post=10148"}],"curies":[{"name":"wp","href":"https:\/\/api.w.org\/{rel}","templated":true}]}}