
{"id":10149,"date":"2009-02-16T10:46:45","date_gmt":"2009-02-16T09:46:45","guid":{"rendered":"http:\/\/adamczewscy.pl\/?p=2349"},"modified":"2009-02-16T10:46:45","modified_gmt":"2009-02-16T09:46:45","slug":"barszcz-wiejski","status":"publish","type":"post","link":"https:\/\/blog.polityka.pl\/adamczewski\/2009\/02\/16\/barszcz-wiejski\/","title":{"rendered":"Barszcz wiejski"},"content":{"rendered":"<p><em>4 \u015brednie buraki, 2 marchwie, pietruszka, cebula, por, kawa\u0142ek selera, 4 szklanki roso\u0142u warzywnego lub wo\u0142owego z kostki, z\u0105bek czosnku, p\u00f3\u0142 szklanki p\u0142ynu od og\u00f3rk\u00f3w kiszonych, li\u015b\u0107 laurowy, s\u00f3l, pieprz i cukier do smaku, p\u00f3\u0142 szklanki \u015bmietany. Jako dodatek &#8211; ziemniaki z wody.\u00a0<\/em><\/p>\n<p>1. Buraki umy\u0107 i upiec w piekarniku.<br \/>\n2. Upieczone buraki ostudzi\u0107, obra\u0107, pokroi\u0107 w cienkie plastry, zala\u0107 roso\u0142em, doda\u0107 li\u015b\u0107 laurowy i rozdrobniony czosnek, gotowa\u0107 co najmniej 15 minut.<br \/>\n3. Doda\u0107 p\u0142yn od og\u00f3rk\u00f3w, doprawi\u0107 sol\u0105, pieprzem i cukrem. Doda\u0107 na koniec \u015bmietan\u0119.<br \/>\nPodawa\u0107 z ugotowanymi osobno ziemniakami.<\/p>\n","protected":false},"excerpt":{"rendered":"<p>4 \u015brednie buraki, 2 marchwie, pietruszka, cebula, por, kawa\u0142ek selera, 4 szklanki roso\u0142u warzywnego lub wo\u0142owego z kostki, z\u0105bek czosnku, p\u00f3\u0142 szklanki p\u0142ynu od og\u00f3rk\u00f3w kiszonych, li\u015b\u0107 laurowy, s\u00f3l, pieprz i cukier do smaku, p\u00f3\u0142 szklanki \u015bmietany. Jako dodatek &#8211; ziemniaki z wody.\u00a0 1. Buraki umy\u0107 i upiec w piekarniku. 2. Upieczone buraki ostudzi\u0107, obra\u0107, [&hellip;]<\/p>\n","protected":false},"author":2,"featured_media":0,"comment_status":"open","ping_status":"open","sticky":false,"template":"","format":"standard","meta":{"footnotes":""},"categories":[1],"tags":[],"_links":{"self":[{"href":"https:\/\/blog.polityka.pl\/adamczewski\/wp-json\/wp\/v2\/posts\/10149"}],"collection":[{"href":"https:\/\/blog.polityka.pl\/adamczewski\/wp-json\/wp\/v2\/posts"}],"about":[{"href":"https:\/\/blog.polityka.pl\/adamczewski\/wp-json\/wp\/v2\/types\/post"}],"author":[{"embeddable":true,"href":"https:\/\/blog.polityka.pl\/adamczewski\/wp-json\/wp\/v2\/users\/2"}],"replies":[{"embeddable":true,"href":"https:\/\/blog.polityka.pl\/adamczewski\/wp-json\/wp\/v2\/comments?post=10149"}],"version-history":[{"count":0,"href":"https:\/\/blog.polityka.pl\/adamczewski\/wp-json\/wp\/v2\/posts\/10149\/revisions"}],"wp:attachment":[{"href":"https:\/\/blog.polityka.pl\/adamczewski\/wp-json\/wp\/v2\/media?parent=10149"}],"wp:term":[{"taxonomy":"category","embeddable":true,"href":"https:\/\/blog.polityka.pl\/adamczewski\/wp-json\/wp\/v2\/categories?post=10149"},{"taxonomy":"post_tag","embeddable":true,"href":"https:\/\/blog.polityka.pl\/adamczewski\/wp-json\/wp\/v2\/tags?post=10149"}],"curies":[{"name":"wp","href":"https:\/\/api.w.org\/{rel}","templated":true}]}}