
{"id":10150,"date":"2009-02-16T10:47:06","date_gmt":"2009-02-16T09:47:06","guid":{"rendered":"http:\/\/adamczewscy.pl\/?p=2350"},"modified":"2009-02-16T10:47:06","modified_gmt":"2009-02-16T09:47:06","slug":"karp-nadziewany-kasza-i-grzybami","status":"publish","type":"post","link":"https:\/\/blog.polityka.pl\/adamczewski\/2009\/02\/16\/karp-nadziewany-kasza-i-grzybami\/","title":{"rendered":"Karp nadziewany kasz\u0105 i grzybami"},"content":{"rendered":"<p><em>Karp wagi do 1,20 kg, woreczek kaszy gryczanej do gotowania, 5 suszonych grzyb\u00f3w, 4 \u0142y\u017cki mas\u0142a, cebula, szklanka \u015bmietany, s\u00f3l, pieprz.<\/p>\n<p><\/em>1. Grzyby umy\u0107, zala\u0107 zimn\u0105 wod\u0105, odstawi\u0107 na godzin\u0119, po czym ugotowa\u0107 do mi\u0119kko\u015bci, ostudzi\u0107 i pokroi\u0107 w paski.<br \/>\n2. Kasz\u0119 ugotowa\u0107 i wysypa\u0107 z woreczka.<br \/>\n3. Cebul\u0119 posieka\u0107, zeszkli\u0107 na 2 \u0142y\u017ckach mas\u0142a, doda\u0107 pokrojone grzyby i kasz\u0119, wymiesza\u0107, doprawi\u0107 sol\u0105 i pieprzem.<br \/>\n4. Karpia sprawi\u0107, wytrze\u0107 kuchennym papierowym r\u0119cznikiem, posoli\u0107.<br \/>\n5. Nape\u0142ni\u0107 farszem ryb\u0119, zeszy\u0107 bawe\u0142nian\u0105 nici\u0105, u\u0142o\u017cy\u0107 w wysmarowanej brytfannie, pouk\u0142ada\u0107 na rybie pozosta\u0142e mas\u0142o podzielone na kawa\u0142eczki. Piec w temperaturze 180 st C oko\u0142o 30 minut, cz\u0119sto polewaj\u0105c wytapiaj\u0105cym si\u0119 t\u0142uszczem.<br \/>\n6. Upieczonego karpia zala\u0107 \u015bmietan\u0105 z dodatkiem soli i pieprzu. Kiedy \u015bmietana zawrze, po 5-10 minutach podawa\u0107 karpia.<\/p>\n","protected":false},"excerpt":{"rendered":"<p>Karp wagi do 1,20 kg, woreczek kaszy gryczanej do gotowania, 5 suszonych grzyb\u00f3w, 4 \u0142y\u017cki mas\u0142a, cebula, szklanka \u015bmietany, s\u00f3l, pieprz. 1. Grzyby umy\u0107, zala\u0107 zimn\u0105 wod\u0105, odstawi\u0107 na godzin\u0119, po czym ugotowa\u0107 do mi\u0119kko\u015bci, ostudzi\u0107 i pokroi\u0107 w paski. 2. Kasz\u0119 ugotowa\u0107 i wysypa\u0107 z woreczka. 3. Cebul\u0119 posieka\u0107, zeszkli\u0107 na 2 \u0142y\u017ckach mas\u0142a, [&hellip;]<\/p>\n","protected":false},"author":2,"featured_media":0,"comment_status":"open","ping_status":"open","sticky":false,"template":"","format":"standard","meta":{"footnotes":""},"categories":[1],"tags":[],"_links":{"self":[{"href":"https:\/\/blog.polityka.pl\/adamczewski\/wp-json\/wp\/v2\/posts\/10150"}],"collection":[{"href":"https:\/\/blog.polityka.pl\/adamczewski\/wp-json\/wp\/v2\/posts"}],"about":[{"href":"https:\/\/blog.polityka.pl\/adamczewski\/wp-json\/wp\/v2\/types\/post"}],"author":[{"embeddable":true,"href":"https:\/\/blog.polityka.pl\/adamczewski\/wp-json\/wp\/v2\/users\/2"}],"replies":[{"embeddable":true,"href":"https:\/\/blog.polityka.pl\/adamczewski\/wp-json\/wp\/v2\/comments?post=10150"}],"version-history":[{"count":0,"href":"https:\/\/blog.polityka.pl\/adamczewski\/wp-json\/wp\/v2\/posts\/10150\/revisions"}],"wp:attachment":[{"href":"https:\/\/blog.polityka.pl\/adamczewski\/wp-json\/wp\/v2\/media?parent=10150"}],"wp:term":[{"taxonomy":"category","embeddable":true,"href":"https:\/\/blog.polityka.pl\/adamczewski\/wp-json\/wp\/v2\/categories?post=10150"},{"taxonomy":"post_tag","embeddable":true,"href":"https:\/\/blog.polityka.pl\/adamczewski\/wp-json\/wp\/v2\/tags?post=10150"}],"curies":[{"name":"wp","href":"https:\/\/api.w.org\/{rel}","templated":true}]}}