
{"id":10151,"date":"2009-02-16T10:47:37","date_gmt":"2009-02-16T09:47:37","guid":{"rendered":"http:\/\/adamczewscy.pl\/?p=2351"},"modified":"2009-02-16T10:47:37","modified_gmt":"2009-02-16T09:47:37","slug":"kurczak-z-porami-i-curry","status":"publish","type":"post","link":"https:\/\/blog.polityka.pl\/adamczewski\/2009\/02\/16\/kurczak-z-porami-i-curry\/","title":{"rendered":"Kurczak z porami i curry"},"content":{"rendered":"<p><em>4 udka kurcz\u0119ce, 3 pory, ma\u0142a cebula, niepe\u0142na szklanka \u015bmietany (12-proc), 2 \u0142y\u017cki \u0142agodnej przyprawy curry, 2 \u0142y\u017cki mas\u0142a, 3 \u0142y\u017cki oleju, \u0142y\u017ceczka m\u0105ki ziemniaczanej,  2 szklanki bulionu drobiowego (mo\u017ce by\u0107 z kostki), s\u00f3l, cukier, \u0142y\u017cka siekanej zielonej pietruszki.\u00a0<\/em><\/p>\n<p>1. Udka natrze\u0107 sol\u0105 i pieprzem.<br \/>\n2. Na patelni rozgrza\u0107 olej, podsma\u017cy\u0107 mi\u0119so, prze\u0142o\u017cy\u0107 do brytfanny, zala\u0107 bulionem i wstawi\u0107 do piekarnika na co najmniej 40 minut, w temperaturze 200 st C.<br \/>\n3. Pokroi\u0107 bia\u0142\u0105 cz\u0119\u015b\u0107 por\u00f3w, podsma\u017cy\u0107 na ma\u015ble, doda\u0107 p\u00f3\u0142 szklanki bulionu i dusi\u0107 10 minut. Prze\u0142o\u017cy\u0107 do por\u00f3w upieczone ju\u017c udka.<br \/>\n4. Wymiesza\u0107 \u015bmietan\u0119 z m\u0105k\u0105 ziemniaczan\u0105, przyprawa curry i pozosta\u0142\u0105 szklank\u0105 bulionu wla\u0107 do brytfanny od pieczenia kurczaka, zagotowywa\u0107. Pola\u0107 sosem kurczaka z porami.<\/p>\n","protected":false},"excerpt":{"rendered":"<p>4 udka kurcz\u0119ce, 3 pory, ma\u0142a cebula, niepe\u0142na szklanka \u015bmietany (12-proc), 2 \u0142y\u017cki \u0142agodnej przyprawy curry, 2 \u0142y\u017cki mas\u0142a, 3 \u0142y\u017cki oleju, \u0142y\u017ceczka m\u0105ki ziemniaczanej, 2 szklanki bulionu drobiowego (mo\u017ce by\u0107 z kostki), s\u00f3l, cukier, \u0142y\u017cka siekanej zielonej pietruszki.\u00a0 1. Udka natrze\u0107 sol\u0105 i pieprzem. 2. Na patelni rozgrza\u0107 olej, podsma\u017cy\u0107 mi\u0119so, prze\u0142o\u017cy\u0107 do brytfanny, [&hellip;]<\/p>\n","protected":false},"author":2,"featured_media":0,"comment_status":"open","ping_status":"open","sticky":false,"template":"","format":"standard","meta":{"footnotes":""},"categories":[1],"tags":[],"_links":{"self":[{"href":"https:\/\/blog.polityka.pl\/adamczewski\/wp-json\/wp\/v2\/posts\/10151"}],"collection":[{"href":"https:\/\/blog.polityka.pl\/adamczewski\/wp-json\/wp\/v2\/posts"}],"about":[{"href":"https:\/\/blog.polityka.pl\/adamczewski\/wp-json\/wp\/v2\/types\/post"}],"author":[{"embeddable":true,"href":"https:\/\/blog.polityka.pl\/adamczewski\/wp-json\/wp\/v2\/users\/2"}],"replies":[{"embeddable":true,"href":"https:\/\/blog.polityka.pl\/adamczewski\/wp-json\/wp\/v2\/comments?post=10151"}],"version-history":[{"count":0,"href":"https:\/\/blog.polityka.pl\/adamczewski\/wp-json\/wp\/v2\/posts\/10151\/revisions"}],"wp:attachment":[{"href":"https:\/\/blog.polityka.pl\/adamczewski\/wp-json\/wp\/v2\/media?parent=10151"}],"wp:term":[{"taxonomy":"category","embeddable":true,"href":"https:\/\/blog.polityka.pl\/adamczewski\/wp-json\/wp\/v2\/categories?post=10151"},{"taxonomy":"post_tag","embeddable":true,"href":"https:\/\/blog.polityka.pl\/adamczewski\/wp-json\/wp\/v2\/tags?post=10151"}],"curies":[{"name":"wp","href":"https:\/\/api.w.org\/{rel}","templated":true}]}}