
{"id":10152,"date":"2009-02-22T15:04:53","date_gmt":"2009-02-22T14:04:53","guid":{"rendered":"http:\/\/adamczewscy.pl\/?p=2352"},"modified":"2009-02-22T15:04:53","modified_gmt":"2009-02-22T14:04:53","slug":"wspaniale-ciasto-orzechowe","status":"publish","type":"post","link":"https:\/\/blog.polityka.pl\/adamczewski\/2009\/02\/22\/wspaniale-ciasto-orzechowe\/","title":{"rendered":"Wspania\u0142e ciasto orzechowe"},"content":{"rendered":"<p><em>Na ciasto: Kostka (25 dag) mas\u0142a, niepe\u0142ne 2 szklanki m\u0105ki, szklanka cukru, jajko, cukier waniliowy.<br \/>\nNa mas\u0119:30 dag \u0142uskanych w\u0142oskich orzech\u00f3w, \u0142y\u017cka miodu, p\u00f3\u0142 szklanki \u015bmietany, p\u00f3\u0142 szklanki cukru<br \/>\nDo posmarowania wierzchu: \u0142y\u017ceczka \u015bmietany i jajko.\u00a0<\/em><\/p>\n<p>1. Z podanych sk\u0142adnik\u00f3w zagnie\u015b\u0107 kruche ciasto. Po\u0142ow\u0105 wylepi\u0107 dno i boki tortownicy (ok. 22 cm \u015brednicy), pozosta\u0142\u0105 po\u0142ow\u0119 rozwa\u0142kowa\u0107 i od\u0142o\u017cy\u0107.<br \/>\n2. Przygotowa\u0107 mas\u0119: na patelni rozgrza\u0107 cukier, kiedy si\u0119 skarmelizuje, doda\u0107 orzechy i razem mieszaj\u0105c podsma\u017ca\u0107 3 minuty. Pod koniec doda\u0107 \u015bmietan\u0119 i mi\u00f3d, wymiesza\u0107.<br \/>\n3. Prze\u0142o\u017cy\u0107 mas\u0119 orzechowa na przygotowany sp\u00f3d, na wierzchu po\u0142o\u017cy\u0107 rozwa\u0142kowany placek kruchego ciasta. Uwaga: Mo\u017cna uk\u0142ada\u0107 ciasto po kawa\u0142ku, w taki spos\u00f3b, aby poszczeg\u00f3lne fragmenty ciasta zachodzi\u0142y na siebie. Podczas pieczenia po\u0142\u0105cz\u0105 si\u0119 w jednolity p\u0142at. Wierzch ciasta posmarowa\u0107 ubitym ze \u015bmietan\u0105 jajkiem.<br \/>\n4. Placek orzechowy piec 40 minut w temperaturze 190 &#8211; 200 st C.<\/p>\n","protected":false},"excerpt":{"rendered":"<p>Na ciasto: Kostka (25 dag) mas\u0142a, niepe\u0142ne 2 szklanki m\u0105ki, szklanka cukru, jajko, cukier waniliowy. Na mas\u0119:30 dag \u0142uskanych w\u0142oskich orzech\u00f3w, \u0142y\u017cka miodu, p\u00f3\u0142 szklanki \u015bmietany, p\u00f3\u0142 szklanki cukru Do posmarowania wierzchu: \u0142y\u017ceczka \u015bmietany i jajko.\u00a0 1. Z podanych sk\u0142adnik\u00f3w zagnie\u015b\u0107 kruche ciasto. Po\u0142ow\u0105 wylepi\u0107 dno i boki tortownicy (ok. 22 cm \u015brednicy), pozosta\u0142\u0105 po\u0142ow\u0119 [&hellip;]<\/p>\n","protected":false},"author":2,"featured_media":0,"comment_status":"open","ping_status":"open","sticky":false,"template":"","format":"standard","meta":{"footnotes":""},"categories":[1],"tags":[],"_links":{"self":[{"href":"https:\/\/blog.polityka.pl\/adamczewski\/wp-json\/wp\/v2\/posts\/10152"}],"collection":[{"href":"https:\/\/blog.polityka.pl\/adamczewski\/wp-json\/wp\/v2\/posts"}],"about":[{"href":"https:\/\/blog.polityka.pl\/adamczewski\/wp-json\/wp\/v2\/types\/post"}],"author":[{"embeddable":true,"href":"https:\/\/blog.polityka.pl\/adamczewski\/wp-json\/wp\/v2\/users\/2"}],"replies":[{"embeddable":true,"href":"https:\/\/blog.polityka.pl\/adamczewski\/wp-json\/wp\/v2\/comments?post=10152"}],"version-history":[{"count":0,"href":"https:\/\/blog.polityka.pl\/adamczewski\/wp-json\/wp\/v2\/posts\/10152\/revisions"}],"wp:attachment":[{"href":"https:\/\/blog.polityka.pl\/adamczewski\/wp-json\/wp\/v2\/media?parent=10152"}],"wp:term":[{"taxonomy":"category","embeddable":true,"href":"https:\/\/blog.polityka.pl\/adamczewski\/wp-json\/wp\/v2\/categories?post=10152"},{"taxonomy":"post_tag","embeddable":true,"href":"https:\/\/blog.polityka.pl\/adamczewski\/wp-json\/wp\/v2\/tags?post=10152"}],"curies":[{"name":"wp","href":"https:\/\/api.w.org\/{rel}","templated":true}]}}