
{"id":10153,"date":"2009-02-22T15:05:31","date_gmt":"2009-02-22T14:05:31","guid":{"rendered":"http:\/\/adamczewscy.pl\/?p=2353"},"modified":"2009-02-22T15:05:31","modified_gmt":"2009-02-22T14:05:31","slug":"wolowe-kotleciki-z-warzywami","status":"publish","type":"post","link":"https:\/\/blog.polityka.pl\/adamczewski\/2009\/02\/22\/wolowe-kotleciki-z-warzywami\/","title":{"rendered":"Wo\u0142owe kotleciki z warzywami"},"content":{"rendered":"<p><em>40 dag mielonego mi\u0119sa wo\u0142owego, 4 \u0142y\u017cki homogenizowanego twaro\u017cku, s\u00f3l, pieprz, s\u0142odka papryka w proszku, 3 marchwie, du\u017ca cebula, 5 \u0142y\u017cek oleju lub oliwy. <\/em><\/p>\n<p>1. Mi\u0119so mielone wymiesza\u0107 z twaro\u017ckiem, sol\u0105, pieprzem i sproszkowan\u0105 papryk\u0105. Uformowa\u0107 4 sp\u0142aszczone, owalne kotlety.<br \/>\n2. Marchew obra\u0107 i zetrze\u0107 na tarce, cebul\u0119 pokroi\u0107 w pi\u00f3rka.<br \/>\n3. Na patelni rozgrza\u0107 olej lub oliw\u0119, podsma\u017cy\u0107 na niej marchew z cebul\u0105, po chwili odsun\u0105\u0107 warzywa na bok i na tej samej patelni usma\u017cy\u0107 kotlety. Przez ca\u0142y czas sma\u017cenia mi\u0119sa miesza\u0107 warzywa, aby si\u0119 nie zrumieni\u0142y. <\/p>\n<p>Kotlety tak przyrz\u0105dzone podawa\u0107 z ziemniakami puree. <\/p>\n","protected":false},"excerpt":{"rendered":"<p>40 dag mielonego mi\u0119sa wo\u0142owego, 4 \u0142y\u017cki homogenizowanego twaro\u017cku, s\u00f3l, pieprz, s\u0142odka papryka w proszku, 3 marchwie, du\u017ca cebula, 5 \u0142y\u017cek oleju lub oliwy. 1. Mi\u0119so mielone wymiesza\u0107 z twaro\u017ckiem, sol\u0105, pieprzem i sproszkowan\u0105 papryk\u0105. Uformowa\u0107 4 sp\u0142aszczone, owalne kotlety. 2. Marchew obra\u0107 i zetrze\u0107 na tarce, cebul\u0119 pokroi\u0107 w pi\u00f3rka. 3. Na patelni rozgrza\u0107 [&hellip;]<\/p>\n","protected":false},"author":2,"featured_media":0,"comment_status":"open","ping_status":"open","sticky":false,"template":"","format":"standard","meta":{"footnotes":""},"categories":[1],"tags":[],"_links":{"self":[{"href":"https:\/\/blog.polityka.pl\/adamczewski\/wp-json\/wp\/v2\/posts\/10153"}],"collection":[{"href":"https:\/\/blog.polityka.pl\/adamczewski\/wp-json\/wp\/v2\/posts"}],"about":[{"href":"https:\/\/blog.polityka.pl\/adamczewski\/wp-json\/wp\/v2\/types\/post"}],"author":[{"embeddable":true,"href":"https:\/\/blog.polityka.pl\/adamczewski\/wp-json\/wp\/v2\/users\/2"}],"replies":[{"embeddable":true,"href":"https:\/\/blog.polityka.pl\/adamczewski\/wp-json\/wp\/v2\/comments?post=10153"}],"version-history":[{"count":0,"href":"https:\/\/blog.polityka.pl\/adamczewski\/wp-json\/wp\/v2\/posts\/10153\/revisions"}],"wp:attachment":[{"href":"https:\/\/blog.polityka.pl\/adamczewski\/wp-json\/wp\/v2\/media?parent=10153"}],"wp:term":[{"taxonomy":"category","embeddable":true,"href":"https:\/\/blog.polityka.pl\/adamczewski\/wp-json\/wp\/v2\/categories?post=10153"},{"taxonomy":"post_tag","embeddable":true,"href":"https:\/\/blog.polityka.pl\/adamczewski\/wp-json\/wp\/v2\/tags?post=10153"}],"curies":[{"name":"wp","href":"https:\/\/api.w.org\/{rel}","templated":true}]}}