
{"id":10154,"date":"2009-02-22T15:06:04","date_gmt":"2009-02-22T14:06:04","guid":{"rendered":"http:\/\/adamczewscy.pl\/?p=2354"},"modified":"2009-02-22T15:06:04","modified_gmt":"2009-02-22T14:06:04","slug":"skrzydelka-orientalne-pieczone-w-sliwkowym-sosie","status":"publish","type":"post","link":"https:\/\/blog.polityka.pl\/adamczewski\/2009\/02\/22\/skrzydelka-orientalne-pieczone-w-sliwkowym-sosie\/","title":{"rendered":"Skrzyde\u0142ka orientalne (pieczone w \u015bliwkowym sosie)"},"content":{"rendered":"<p><em>1,5 kg kurcz\u0119cych skrzyde\u0142ek, 0, 75 szklanki powide\u0142 \u015bliwkowych, 6 \u0142y\u017cek sosu sojowego, 0, 75 szklanki ziaren sezamowych,  \u0142y\u017ceczka soli.\u00a0<\/em><\/p>\n<p>1. Skrzyde\u0142ka umy\u0107, odci\u0105\u0107 ko\u0144c\u00f3wki, pokropi\u0107 sosem sojowym i odstawi\u0107 na kilka godzin.<br \/>\n2. Powid\u0142a wymiesza\u0107 bardzo dok\u0142adnie z sol\u0105, posmarowa\u0107 t\u0105 mieszank\u0105 skrzyde\u0142ka, posypa\u0107 obficie ziarnem sezamowym i u\u0142o\u017cy\u0107 na blaszce.<br \/>\n3. Nagrza\u0107 piekarnik do temp. 200 st C i piec skrzyde\u0142ka 30 minut.<br \/>\nJako dodatek mo\u017cna poda\u0107 ugotowany na sypko ry\u017c wymieszany z zielonym konserwowym groszkiem.<\/p>\n","protected":false},"excerpt":{"rendered":"<p>1,5 kg kurcz\u0119cych skrzyde\u0142ek, 0, 75 szklanki powide\u0142 \u015bliwkowych, 6 \u0142y\u017cek sosu sojowego, 0, 75 szklanki ziaren sezamowych, \u0142y\u017ceczka soli.\u00a0 1. Skrzyde\u0142ka umy\u0107, odci\u0105\u0107 ko\u0144c\u00f3wki, pokropi\u0107 sosem sojowym i odstawi\u0107 na kilka godzin. 2. Powid\u0142a wymiesza\u0107 bardzo dok\u0142adnie z sol\u0105, posmarowa\u0107 t\u0105 mieszank\u0105 skrzyde\u0142ka, posypa\u0107 obficie ziarnem sezamowym i u\u0142o\u017cy\u0107 na blaszce. 3. Nagrza\u0107 piekarnik [&hellip;]<\/p>\n","protected":false},"author":2,"featured_media":0,"comment_status":"open","ping_status":"open","sticky":false,"template":"","format":"standard","meta":{"footnotes":""},"categories":[1],"tags":[],"_links":{"self":[{"href":"https:\/\/blog.polityka.pl\/adamczewski\/wp-json\/wp\/v2\/posts\/10154"}],"collection":[{"href":"https:\/\/blog.polityka.pl\/adamczewski\/wp-json\/wp\/v2\/posts"}],"about":[{"href":"https:\/\/blog.polityka.pl\/adamczewski\/wp-json\/wp\/v2\/types\/post"}],"author":[{"embeddable":true,"href":"https:\/\/blog.polityka.pl\/adamczewski\/wp-json\/wp\/v2\/users\/2"}],"replies":[{"embeddable":true,"href":"https:\/\/blog.polityka.pl\/adamczewski\/wp-json\/wp\/v2\/comments?post=10154"}],"version-history":[{"count":0,"href":"https:\/\/blog.polityka.pl\/adamczewski\/wp-json\/wp\/v2\/posts\/10154\/revisions"}],"wp:attachment":[{"href":"https:\/\/blog.polityka.pl\/adamczewski\/wp-json\/wp\/v2\/media?parent=10154"}],"wp:term":[{"taxonomy":"category","embeddable":true,"href":"https:\/\/blog.polityka.pl\/adamczewski\/wp-json\/wp\/v2\/categories?post=10154"},{"taxonomy":"post_tag","embeddable":true,"href":"https:\/\/blog.polityka.pl\/adamczewski\/wp-json\/wp\/v2\/tags?post=10154"}],"curies":[{"name":"wp","href":"https:\/\/api.w.org\/{rel}","templated":true}]}}