
{"id":10155,"date":"2009-02-22T15:06:32","date_gmt":"2009-02-22T14:06:32","guid":{"rendered":"http:\/\/adamczewscy.pl\/?p=2355"},"modified":"2009-02-22T15:06:32","modified_gmt":"2009-02-22T14:06:32","slug":"parowki-z-groszkiem-i-pieczarkami","status":"publish","type":"post","link":"https:\/\/blog.polityka.pl\/adamczewski\/2009\/02\/22\/parowki-z-groszkiem-i-pieczarkami\/","title":{"rendered":"Par\u00f3wki z groszkiem i pieczarkami"},"content":{"rendered":"<p><em>30 dag ciel\u0119cych par\u00f3wek, 50 dag pieczarek, szklanka ugotowanego mro\u017conego groszku lub ods\u0105czonego z zalewy konserwowego, \u015brednia cebula, \u0142y\u017cka mas\u0142a, 2 \u0142y\u017cki oleju, 2 \u0142y\u017cki przecieru pomidorowego i \u0142y\u017cka keczupu, 3 \u0142y\u017cki startego \u017c\u00f3\u0142tego sera, 2 \u0142y\u017cki siekanej zielonej pietruszki.\u00a0<\/em><\/p>\n<p>1. Pokrojon\u0105 w cienkie kr\u0105\u017cki cebul\u0119 poddusi\u0107 z mas\u0142em i olejem, doda\u0107 pokrojone w plasterki pieczarki i  dalej dusi\u0107 wszystko razem.<br \/>\n2. Do mi\u0119kkich ju\u017c pieczarek doda\u0107 pokrajane w kr\u0105\u017cki par\u00f3wki i zn\u00f3w podgrza\u0107 potraw\u0119 5 minut.<br \/>\n3. Doda\u0107 do potrawy zielony groszek oraz przecier i keczup, pieprz i s\u00f3l do smaku. Gotowa\u0107 nast\u0119pne 5 minut.<br \/>\n4. Podawa\u0107 z ry\u017cem posypane startym \u017c\u00f3\u0142tym serem i siekan\u0105 zielon\u0105 pietruszk\u0105.<\/p>\n","protected":false},"excerpt":{"rendered":"<p>30 dag ciel\u0119cych par\u00f3wek, 50 dag pieczarek, szklanka ugotowanego mro\u017conego groszku lub ods\u0105czonego z zalewy konserwowego, \u015brednia cebula, \u0142y\u017cka mas\u0142a, 2 \u0142y\u017cki oleju, 2 \u0142y\u017cki przecieru pomidorowego i \u0142y\u017cka keczupu, 3 \u0142y\u017cki startego \u017c\u00f3\u0142tego sera, 2 \u0142y\u017cki siekanej zielonej pietruszki.\u00a0 1. Pokrojon\u0105 w cienkie kr\u0105\u017cki cebul\u0119 poddusi\u0107 z mas\u0142em i olejem, doda\u0107 pokrojone w plasterki [&hellip;]<\/p>\n","protected":false},"author":2,"featured_media":0,"comment_status":"open","ping_status":"open","sticky":false,"template":"","format":"standard","meta":{"footnotes":""},"categories":[1],"tags":[],"_links":{"self":[{"href":"https:\/\/blog.polityka.pl\/adamczewski\/wp-json\/wp\/v2\/posts\/10155"}],"collection":[{"href":"https:\/\/blog.polityka.pl\/adamczewski\/wp-json\/wp\/v2\/posts"}],"about":[{"href":"https:\/\/blog.polityka.pl\/adamczewski\/wp-json\/wp\/v2\/types\/post"}],"author":[{"embeddable":true,"href":"https:\/\/blog.polityka.pl\/adamczewski\/wp-json\/wp\/v2\/users\/2"}],"replies":[{"embeddable":true,"href":"https:\/\/blog.polityka.pl\/adamczewski\/wp-json\/wp\/v2\/comments?post=10155"}],"version-history":[{"count":0,"href":"https:\/\/blog.polityka.pl\/adamczewski\/wp-json\/wp\/v2\/posts\/10155\/revisions"}],"wp:attachment":[{"href":"https:\/\/blog.polityka.pl\/adamczewski\/wp-json\/wp\/v2\/media?parent=10155"}],"wp:term":[{"taxonomy":"category","embeddable":true,"href":"https:\/\/blog.polityka.pl\/adamczewski\/wp-json\/wp\/v2\/categories?post=10155"},{"taxonomy":"post_tag","embeddable":true,"href":"https:\/\/blog.polityka.pl\/adamczewski\/wp-json\/wp\/v2\/tags?post=10155"}],"curies":[{"name":"wp","href":"https:\/\/api.w.org\/{rel}","templated":true}]}}