
{"id":10156,"date":"2009-02-22T15:07:06","date_gmt":"2009-02-22T14:07:06","guid":{"rendered":"http:\/\/adamczewscy.pl\/?p=2356"},"modified":"2009-02-22T15:07:06","modified_gmt":"2009-02-22T14:07:06","slug":"sledzie-w-zieleni-na-popielec","status":"publish","type":"post","link":"https:\/\/blog.polityka.pl\/adamczewski\/2009\/02\/22\/sledzie-w-zieleni-na-popielec\/","title":{"rendered":"\u015aledzie w zieleni na Popielec"},"content":{"rendered":"<p><a href=\"http:\/\/adamczewscy.pl\/wp-content\/uploads\/2009\/02\/\u015aledzie-w-zieleni.jpg\"><img loading=\"lazy\" decoding=\"async\" src=\"http:\/\/adamczewscy.pl\/wp-content\/uploads\/2009\/02\/\u015aledzie-w-zieleni.jpg\" alt=\"\" title=\"OLYMPUS DIGITAL CAMERA\" width=\"400\" height=\"300\" class=\"alignnone size-full wp-image-4001\" \/><\/a><\/p>\n<p><em>Paczka filet\u00f3w z matjas\u00f3w (50 dag), 3 du\u017ce kwa\u015bne jab\u0142ka, sok z po\u0142owy cytryny, p\u0119czek dymki, 2 szklanki  \u015bmietany, 2 \u0142y\u017cki francuskiej musztardy, \u0142y\u017cka majonezu, \u0142y\u017ceczka cukru (nie koniecznie), 5 jaj ugotowanych na twardo, 3 \u0142y\u017cki posiekanej zielonej pietruszki.\u00a0<\/em><\/p>\n<p>1. \u015aledzie wymoczy\u0107,  je\u015bli to konieczne, je\u015bli nie ? op\u0142uka\u0107 i wysuszy\u0107 papierow\u0105 kuchenn\u0105 \u015bciereczk\u0105. Pokroi\u0107 na uko\u015bne kawa\u0142ki. U\u0142o\u017cy\u0107 na szerokim p\u00f3\u0142misku.<br \/>\n2. Jab\u0142ka obra\u0107 i bardzo drobno posieka\u0107, posieka\u0107 tak\u017ce dymk\u0119 wraz ze szczypiorkiem.<br \/>\n3. Jajka obra\u0107 ze skorupek, oddzieli\u0107 bia\u0142ka od \u017c\u00f3\u0142tek. Bia\u0142ka jak najdrobniej posieka\u0107.<br \/>\n4. \u015amietan\u0119 wymiesza\u0107 z roztartymi \u017c\u00f3\u0142tkami jaj, doda\u0107 musztard\u0119 i majonez, posiekane jab\u0142ka i dymk\u0119 oraz bia\u0142ka, doprawi\u0107 sos do smaku cukrem.<br \/>\n5. Zala\u0107 sosem u\u0142o\u017cone na p\u00f3\u0142misku \u015bledzie, posypa\u0107 po wierzchu siekan\u0105 zielon\u0105 pietruszk\u0105. Po 2 godzinach \u015bledzie s\u0105 dostatecznie ?dojrza\u0142e?.<\/p>\n","protected":false},"excerpt":{"rendered":"<p>Paczka filet\u00f3w z matjas\u00f3w (50 dag), 3 du\u017ce kwa\u015bne jab\u0142ka, sok z po\u0142owy cytryny, p\u0119czek dymki, 2 szklanki \u015bmietany, 2 \u0142y\u017cki francuskiej musztardy, \u0142y\u017cka majonezu, \u0142y\u017ceczka cukru (nie koniecznie), 5 jaj ugotowanych na twardo, 3 \u0142y\u017cki posiekanej zielonej pietruszki.\u00a0 1. \u015aledzie wymoczy\u0107, je\u015bli to konieczne, je\u015bli nie ? op\u0142uka\u0107 i wysuszy\u0107 papierow\u0105 kuchenn\u0105 \u015bciereczk\u0105. Pokroi\u0107 [&hellip;]<\/p>\n","protected":false},"author":2,"featured_media":0,"comment_status":"open","ping_status":"open","sticky":false,"template":"","format":"standard","meta":{"footnotes":""},"categories":[1],"tags":[],"_links":{"self":[{"href":"https:\/\/blog.polityka.pl\/adamczewski\/wp-json\/wp\/v2\/posts\/10156"}],"collection":[{"href":"https:\/\/blog.polityka.pl\/adamczewski\/wp-json\/wp\/v2\/posts"}],"about":[{"href":"https:\/\/blog.polityka.pl\/adamczewski\/wp-json\/wp\/v2\/types\/post"}],"author":[{"embeddable":true,"href":"https:\/\/blog.polityka.pl\/adamczewski\/wp-json\/wp\/v2\/users\/2"}],"replies":[{"embeddable":true,"href":"https:\/\/blog.polityka.pl\/adamczewski\/wp-json\/wp\/v2\/comments?post=10156"}],"version-history":[{"count":0,"href":"https:\/\/blog.polityka.pl\/adamczewski\/wp-json\/wp\/v2\/posts\/10156\/revisions"}],"wp:attachment":[{"href":"https:\/\/blog.polityka.pl\/adamczewski\/wp-json\/wp\/v2\/media?parent=10156"}],"wp:term":[{"taxonomy":"category","embeddable":true,"href":"https:\/\/blog.polityka.pl\/adamczewski\/wp-json\/wp\/v2\/categories?post=10156"},{"taxonomy":"post_tag","embeddable":true,"href":"https:\/\/blog.polityka.pl\/adamczewski\/wp-json\/wp\/v2\/tags?post=10156"}],"curies":[{"name":"wp","href":"https:\/\/api.w.org\/{rel}","templated":true}]}}