
{"id":10161,"date":"2009-03-01T22:32:32","date_gmt":"2009-03-01T21:32:32","guid":{"rendered":"http:\/\/adamczewscy.pl\/?p=2362"},"modified":"2009-03-01T22:32:32","modified_gmt":"2009-03-01T21:32:32","slug":"zupa-peruwianska","status":"publish","type":"post","link":"https:\/\/blog.polityka.pl\/adamczewski\/2009\/03\/01\/zupa-peruwianska\/","title":{"rendered":"Zupa peruwia\u0144ska"},"content":{"rendered":"<p><em>30 dag wo\u0142owego mi\u0119sa z ko\u015bci\u0105 lub udko kurczaka, 5 \u015brednich ziemniak\u00f3w, p\u00f3\u0142 paczki drobnego makaronu, najlepiej w kszta\u0142cie ry\u017cu, 2 marchwie, pietruszka, 2 z\u0105bki czosnku, 3 \u0142y\u017cki oleju, niedu\u017ca cebula, p\u00f3\u0142 szklanki zielonego groszku z puszki, \u0142y\u017ceczka koncentratu pomidorowego, s\u00f3l i pieprz.\u00a0<\/em><\/p>\n<p>1. Mi\u0119so zala\u0107 4 szklankami wody i gotowa\u0107.<br \/>\n2. Rozgrza\u0107 w tym czasie na patelni olej i podsma\u017cy\u0107 na nim przeci\u015bni\u0119ty przez prask\u0119 czosnek i posiekana cebule, doda\u0107 koncentrat pomidorowy, s\u00f3l, pieprz. Po\u0142\u0105czy\u0107 powsta\u0142y sos z gotuj\u0105cym si\u0119 w wywarze mi\u0119sem. Dalej gotowa\u0107.<br \/>\n3. Obra\u0107 marchew i pietruszk\u0119, pokroi\u0107 w paski i wrzuci\u0107 do zupy wraz z groszkiem.<br \/>\n4. Obra\u0107 ziemniaki, pokroi\u0107 w paski wielko\u015bci frytek i doda\u0107 do zupy.<br \/>\n5. Po chwili gotowania doda\u0107 makaron i wszystko razem ugotowa\u0107. Kiedy makaron jest mi\u0119kki a wraz z nim pozosta\u0142e sk\u0142adniki &#8211; zupa jest gotowa.<\/p>\n","protected":false},"excerpt":{"rendered":"<p>30 dag wo\u0142owego mi\u0119sa z ko\u015bci\u0105 lub udko kurczaka, 5 \u015brednich ziemniak\u00f3w, p\u00f3\u0142 paczki drobnego makaronu, najlepiej w kszta\u0142cie ry\u017cu, 2 marchwie, pietruszka, 2 z\u0105bki czosnku, 3 \u0142y\u017cki oleju, niedu\u017ca cebula, p\u00f3\u0142 szklanki zielonego groszku z puszki, \u0142y\u017ceczka koncentratu pomidorowego, s\u00f3l i pieprz.\u00a0 1. Mi\u0119so zala\u0107 4 szklankami wody i gotowa\u0107. 2. Rozgrza\u0107 w tym [&hellip;]<\/p>\n","protected":false},"author":2,"featured_media":0,"comment_status":"open","ping_status":"open","sticky":false,"template":"","format":"standard","meta":{"footnotes":""},"categories":[1],"tags":[],"_links":{"self":[{"href":"https:\/\/blog.polityka.pl\/adamczewski\/wp-json\/wp\/v2\/posts\/10161"}],"collection":[{"href":"https:\/\/blog.polityka.pl\/adamczewski\/wp-json\/wp\/v2\/posts"}],"about":[{"href":"https:\/\/blog.polityka.pl\/adamczewski\/wp-json\/wp\/v2\/types\/post"}],"author":[{"embeddable":true,"href":"https:\/\/blog.polityka.pl\/adamczewski\/wp-json\/wp\/v2\/users\/2"}],"replies":[{"embeddable":true,"href":"https:\/\/blog.polityka.pl\/adamczewski\/wp-json\/wp\/v2\/comments?post=10161"}],"version-history":[{"count":0,"href":"https:\/\/blog.polityka.pl\/adamczewski\/wp-json\/wp\/v2\/posts\/10161\/revisions"}],"wp:attachment":[{"href":"https:\/\/blog.polityka.pl\/adamczewski\/wp-json\/wp\/v2\/media?parent=10161"}],"wp:term":[{"taxonomy":"category","embeddable":true,"href":"https:\/\/blog.polityka.pl\/adamczewski\/wp-json\/wp\/v2\/categories?post=10161"},{"taxonomy":"post_tag","embeddable":true,"href":"https:\/\/blog.polityka.pl\/adamczewski\/wp-json\/wp\/v2\/tags?post=10161"}],"curies":[{"name":"wp","href":"https:\/\/api.w.org\/{rel}","templated":true}]}}