
{"id":10162,"date":"2009-03-01T22:33:25","date_gmt":"2009-03-01T21:33:25","guid":{"rendered":"http:\/\/adamczewscy.pl\/?p=2363"},"modified":"2009-03-01T22:33:25","modified_gmt":"2009-03-01T21:33:25","slug":"szaszlyki-pyszne","status":"publish","type":"post","link":"https:\/\/blog.polityka.pl\/adamczewski\/2009\/03\/01\/szaszlyki-pyszne\/","title":{"rendered":"Szasz\u0142yki pyszne"},"content":{"rendered":"<p><em>50 dag piersi indyczej, 25 dag najmniejszych pieczarek, 20 dag koktajlowych pomidork\u00f3w cherry, cytryna, pomara\u0144cza, 6 \u0142y\u017cek oliwy, s\u00f3l, pieprz, 6 listk\u00f3w \u015bwie\u017cej melisy lub oregano. <\/em><\/p>\n<p>1. Przygotowa\u0107 zapraw\u0119: wymiesza\u0107 sok wyci\u015bni\u0119ty z cytryny oraz z pomara\u0144czy, doda\u0107 oliw\u0119,  posiekane listki melisy lub oregano.<br \/>\n2. Mi\u0119so pokroi\u0107 w kostk\u0119, zala\u0107 zapraw\u0105. Odstawi\u0107 do lod\u00f3wki na kilka godzin lub ca\u0142a noc.<br \/>\n3. Nabija\u0107 na szasz\u0142ykowe patyczki kostki mi\u0119sa oraz umyte pieczarki i pomidorki cherry.<br \/>\n4. Szasz\u0142yki u\u0142o\u017cy\u0107 na ruszcie, posypa\u0107  pieprzem i sol\u0105, pola\u0107 raz jeszcze marynat\u0105,  piec w nagrzanym do 190 st C piekarniku oko\u0142o 10 minut. <\/p>\n","protected":false},"excerpt":{"rendered":"<p>50 dag piersi indyczej, 25 dag najmniejszych pieczarek, 20 dag koktajlowych pomidork\u00f3w cherry, cytryna, pomara\u0144cza, 6 \u0142y\u017cek oliwy, s\u00f3l, pieprz, 6 listk\u00f3w \u015bwie\u017cej melisy lub oregano. 1. Przygotowa\u0107 zapraw\u0119: wymiesza\u0107 sok wyci\u015bni\u0119ty z cytryny oraz z pomara\u0144czy, doda\u0107 oliw\u0119, posiekane listki melisy lub oregano. 2. Mi\u0119so pokroi\u0107 w kostk\u0119, zala\u0107 zapraw\u0105. Odstawi\u0107 do lod\u00f3wki na [&hellip;]<\/p>\n","protected":false},"author":2,"featured_media":0,"comment_status":"open","ping_status":"open","sticky":false,"template":"","format":"standard","meta":{"footnotes":""},"categories":[1],"tags":[],"_links":{"self":[{"href":"https:\/\/blog.polityka.pl\/adamczewski\/wp-json\/wp\/v2\/posts\/10162"}],"collection":[{"href":"https:\/\/blog.polityka.pl\/adamczewski\/wp-json\/wp\/v2\/posts"}],"about":[{"href":"https:\/\/blog.polityka.pl\/adamczewski\/wp-json\/wp\/v2\/types\/post"}],"author":[{"embeddable":true,"href":"https:\/\/blog.polityka.pl\/adamczewski\/wp-json\/wp\/v2\/users\/2"}],"replies":[{"embeddable":true,"href":"https:\/\/blog.polityka.pl\/adamczewski\/wp-json\/wp\/v2\/comments?post=10162"}],"version-history":[{"count":0,"href":"https:\/\/blog.polityka.pl\/adamczewski\/wp-json\/wp\/v2\/posts\/10162\/revisions"}],"wp:attachment":[{"href":"https:\/\/blog.polityka.pl\/adamczewski\/wp-json\/wp\/v2\/media?parent=10162"}],"wp:term":[{"taxonomy":"category","embeddable":true,"href":"https:\/\/blog.polityka.pl\/adamczewski\/wp-json\/wp\/v2\/categories?post=10162"},{"taxonomy":"post_tag","embeddable":true,"href":"https:\/\/blog.polityka.pl\/adamczewski\/wp-json\/wp\/v2\/tags?post=10162"}],"curies":[{"name":"wp","href":"https:\/\/api.w.org\/{rel}","templated":true}]}}