
{"id":10163,"date":"2009-03-01T22:34:06","date_gmt":"2009-03-01T21:34:06","guid":{"rendered":"http:\/\/adamczewscy.pl\/?p=2364"},"modified":"2009-03-01T22:34:06","modified_gmt":"2009-03-01T21:34:06","slug":"surowka-w-bieli-i-czerwieni","status":"publish","type":"post","link":"https:\/\/blog.polityka.pl\/adamczewski\/2009\/03\/01\/surowka-w-bieli-i-czerwieni\/","title":{"rendered":"Sur\u00f3wka w bieli i czerwieni"},"content":{"rendered":"<p><em>2 szklanki poszatkowanej kapusty czerwonej, szklanka poszatkowanej kapusty bia\u0142ej, \u0142y\u017cka drobnych rodzynek, gar\u015b\u0107 \u0142uskanych orzech\u00f3w w\u0142oskich, 5 suszonych \u015bliwek,  0,75 szklanki g\u0119stego jogurtu naturalnego, \u0142y\u017cka musztardy, \u0142y\u017cka oleju lub oliwy, \u0142y\u017cka soku cytrynowego, s\u00f3l, pieprz, spora szczypta cukru do smaku.\u00a0<\/em><\/p>\n<p>1. Wymiesza\u0107 w du\u017cej salaterce oba rodzaje kapusty. Doda\u0107 rodzynki, lekko posiekane orzechy i pokrojone w paski suszone \u015bliwki i zn\u00f3w wymiesza\u0107.<br \/>\n2. Po\u0142\u0105czy\u0107 jogurt z olejem lub oliw\u0105, musztard\u0105, sokiem cytrynowym, cukrem, sol\u0105 i pieprzem.<br \/>\n3. Doda\u0107 sos do sur\u00f3wki, wymiesza\u0107. Mo\u017cna od razu podawa\u0107.<\/p>\n","protected":false},"excerpt":{"rendered":"<p>2 szklanki poszatkowanej kapusty czerwonej, szklanka poszatkowanej kapusty bia\u0142ej, \u0142y\u017cka drobnych rodzynek, gar\u015b\u0107 \u0142uskanych orzech\u00f3w w\u0142oskich, 5 suszonych \u015bliwek, 0,75 szklanki g\u0119stego jogurtu naturalnego, \u0142y\u017cka musztardy, \u0142y\u017cka oleju lub oliwy, \u0142y\u017cka soku cytrynowego, s\u00f3l, pieprz, spora szczypta cukru do smaku.\u00a0 1. Wymiesza\u0107 w du\u017cej salaterce oba rodzaje kapusty. Doda\u0107 rodzynki, lekko posiekane orzechy i pokrojone [&hellip;]<\/p>\n","protected":false},"author":2,"featured_media":0,"comment_status":"open","ping_status":"open","sticky":false,"template":"","format":"standard","meta":{"footnotes":""},"categories":[1],"tags":[],"_links":{"self":[{"href":"https:\/\/blog.polityka.pl\/adamczewski\/wp-json\/wp\/v2\/posts\/10163"}],"collection":[{"href":"https:\/\/blog.polityka.pl\/adamczewski\/wp-json\/wp\/v2\/posts"}],"about":[{"href":"https:\/\/blog.polityka.pl\/adamczewski\/wp-json\/wp\/v2\/types\/post"}],"author":[{"embeddable":true,"href":"https:\/\/blog.polityka.pl\/adamczewski\/wp-json\/wp\/v2\/users\/2"}],"replies":[{"embeddable":true,"href":"https:\/\/blog.polityka.pl\/adamczewski\/wp-json\/wp\/v2\/comments?post=10163"}],"version-history":[{"count":0,"href":"https:\/\/blog.polityka.pl\/adamczewski\/wp-json\/wp\/v2\/posts\/10163\/revisions"}],"wp:attachment":[{"href":"https:\/\/blog.polityka.pl\/adamczewski\/wp-json\/wp\/v2\/media?parent=10163"}],"wp:term":[{"taxonomy":"category","embeddable":true,"href":"https:\/\/blog.polityka.pl\/adamczewski\/wp-json\/wp\/v2\/categories?post=10163"},{"taxonomy":"post_tag","embeddable":true,"href":"https:\/\/blog.polityka.pl\/adamczewski\/wp-json\/wp\/v2\/tags?post=10163"}],"curies":[{"name":"wp","href":"https:\/\/api.w.org\/{rel}","templated":true}]}}